{"id":658,"date":"2016-11-17T13:31:59","date_gmt":"2016-11-17T19:31:59","guid":{"rendered":"https:\/\/onesea.org\/?p=658"},"modified":"2017-05-19T09:45:00","modified_gmt":"2017-05-19T15:45:00","slug":"i-congreso-internacional-agua-cultura-y-territorio-en-centroamerica","status":"publish","type":"post","link":"https:\/\/onesea.org\/en\/blog\/noticias-ambientales\/i-congreso-internacional-agua-cultura-y-territorio-en-centroamerica\/","title":{"rendered":"I Congreso Internacional: Agua, Cultura y Territorio en Centroam\u00e9rica"},"content":{"rendered":"<p>Nos presentamos en el <strong>I Congreso Internacional: Agua, Cultura y Territorio en Centroam\u00e9rica<\/strong>\u00a0que se est\u00e1 celebrado durante esta\u00a0semana en la Universidad Nacional de Costa Rica.<\/p>\n<p><a href=\"https:\/\/i0.wp.com\/onesea.org\/wp-content\/uploads\/2016\/11\/2016-11-16-11.18.50.jpg?ssl=1\" rel=\"attachment wp-att-659\"><img loading=\"lazy\" decoding=\"async\" class=\"aligncenter wp-image-659\" src=\"https:\/\/i0.wp.com\/onesea.org\/wp-content\/uploads\/2016\/11\/2016-11-16-11.18.50.jpg?resize=409%2C230&#038;ssl=1\" alt=\"2016-11-16 11.18.50\" width=\"409\" height=\"230\" srcset=\"https:\/\/i0.wp.com\/onesea.org\/wp-content\/uploads\/2016\/11\/2016-11-16-11.18.50.jpg?resize=300%2C169&amp;ssl=1 300w, https:\/\/i0.wp.com\/onesea.org\/wp-content\/uploads\/2016\/11\/2016-11-16-11.18.50.jpg?resize=768%2C432&amp;ssl=1 768w, https:\/\/i0.wp.com\/onesea.org\/wp-content\/uploads\/2016\/11\/2016-11-16-11.18.50.jpg?resize=1024%2C576&amp;ssl=1 1024w, https:\/\/i0.wp.com\/onesea.org\/wp-content\/uploads\/2016\/11\/2016-11-16-11.18.50.jpg?resize=610%2C343&amp;ssl=1 610w, https:\/\/i0.wp.com\/onesea.org\/wp-content\/uploads\/2016\/11\/2016-11-16-11.18.50.jpg?w=1280&amp;ssl=1 1280w\" sizes=\"auto, (max-width: 409px) 100vw, 409px\" data-recalc-dims=\"1\" \/><\/a><\/p>\n<p>En dicho encuentro se han presentado las diversas miradas al tema del agua, ampliando el enfoque econ\u00f3mico, social, biol\u00f3gico y ambiental, abarcando el plano art\u00edstico, afectivo y m\u00e1s humano del recurso h\u00eddrico.<\/p>\n<p>En el espacio se ha propiciado la reflexi\u00f3n; conocer y compartir sobre los numerosos desaf\u00edos y la perspectiva de este recurso en la regi\u00f3n.<\/p>\n<p>Se han presentado diversos especialistas, profesionales e invitados que han enriquecido tan amplio tema, con sus discusiones y aportes en temas como <strong>Tecnolog\u00edas y Gesti\u00f3n Integrada del Recurso H\u00eddrico, Agua y Sociedad, Imaginarios del Agua: Creencias y Mitos, Arte e Historia y los Usos del Agua y los Retos Frente al Cambio Clim\u00e1tico<\/strong>.<\/p>\n<p><a href=\"https:\/\/i0.wp.com\/onesea.org\/wp-content\/uploads\/2016\/11\/2016-11-16-11.39.49.jpg?ssl=1\" rel=\"attachment wp-att-660\"><img loading=\"lazy\" decoding=\"async\" class=\"aligncenter wp-image-660\" src=\"https:\/\/i0.wp.com\/onesea.org\/wp-content\/uploads\/2016\/11\/2016-11-16-11.39.49.jpg?resize=357%2C201&#038;ssl=1\" alt=\"2016-11-16 11.39.49\" width=\"357\" height=\"201\" srcset=\"https:\/\/i0.wp.com\/onesea.org\/wp-content\/uploads\/2016\/11\/2016-11-16-11.39.49.jpg?resize=300%2C169&amp;ssl=1 300w, https:\/\/i0.wp.com\/onesea.org\/wp-content\/uploads\/2016\/11\/2016-11-16-11.39.49.jpg?resize=768%2C432&amp;ssl=1 768w, https:\/\/i0.wp.com\/onesea.org\/wp-content\/uploads\/2016\/11\/2016-11-16-11.39.49.jpg?resize=1024%2C576&amp;ssl=1 1024w, https:\/\/i0.wp.com\/onesea.org\/wp-content\/uploads\/2016\/11\/2016-11-16-11.39.49.jpg?resize=610%2C343&amp;ssl=1 610w, https:\/\/i0.wp.com\/onesea.org\/wp-content\/uploads\/2016\/11\/2016-11-16-11.39.49.jpg?w=1280&amp;ssl=1 1280w\" sizes=\"auto, (max-width: 357px) 100vw, 357px\" data-recalc-dims=\"1\" \/><\/a><\/p>\n<p>Si desean conocer m\u00e1s sobre las tem\u00e1ticas presentadas en el Congreso ingresen a la p\u00e1gina: <span style=\"text-decoration: underline;\">www.aguaculturayterritorio.org<\/span><\/p>\n<p>&nbsp;<\/p>","protected":false},"excerpt":{"rendered":"<p>Nos presentamos en el I Congreso Internacional: Agua, Cultura y Territorio en Centroam\u00e9rica\u00a0que se est\u00e1 celebrado durante esta\u00a0semana en la Universidad Nacional de Costa Rica. En dicho encuentro se han presentado las diversas miradas al tema del agua, ampliando el enfoque econ\u00f3mico, social, biol\u00f3gico y ambiental, abarcando el plano art\u00edstico, afectivo y m\u00e1s humano del [&hellip;]<\/p>","protected":false},"author":1,"featured_media":661,"comment_status":"open","ping_status":"open","sticky":false,"template":"","format":"standard","meta":{"_et_pb_use_builder":"","_et_pb_old_content":"","_et_gb_content_width":"","footnotes":""},"categories":[15,26,6],"tags":[],"class_list":["post-658","post","type-post","status-publish","format-standard","has-post-thumbnail","hentry","category-blog","category-eventos","category-noticias-ambientales"],"jetpack_sharing_enabled":true,"jetpack_featured_media_url":"https:\/\/i0.wp.com\/onesea.org\/wp-content\/uploads\/2016\/11\/2016-11-17-13.28.01.jpg?fit=596%2C315&ssl=1","jetpack-related-posts":[{"id":1710,"url":"https:\/\/onesea.org\/en\/blog\/oceanos-saludables\/oceanos-mundo-desprotegidos\/","url_meta":{"origin":658,"position":0},"title":"El 60% de los oc\u00e9anos del mundo est\u00e1n desprotegidos","author":"admin","date":"August 18, 2017","format":false,"excerpt":"El 60% de los oc\u00e9anos en el mundo no tienen due\u00f1o y por tanto no tienen ning\u00fan tipo de monitoreo o regulaci\u00f3n de las actividades humanas que se desarrollan en estas aguas internacionales, tampoco legislaci\u00f3n de protecci\u00f3n ambiental quedando desamparadas a la explotaci\u00f3n y atentando contra la estabilidad de los\u2026","rel":"","context":"In &quot;Blog&quot;","block_context":{"text":"Blog","link":"https:\/\/onesea.org\/en\/category\/blog\/"},"img":{"alt_text":"Oc\u00e9anos internacionales","src":"https:\/\/i0.wp.com\/onesea.org\/wp-content\/uploads\/2017\/05\/shark-e1496333617831.jpg?fit=1200%2C900&ssl=1&resize=350%2C200","width":350,"height":200,"srcset":"https:\/\/i0.wp.com\/onesea.org\/wp-content\/uploads\/2017\/05\/shark-e1496333617831.jpg?fit=1200%2C900&ssl=1&resize=350%2C200 1x, https:\/\/i0.wp.com\/onesea.org\/wp-content\/uploads\/2017\/05\/shark-e1496333617831.jpg?fit=1200%2C900&ssl=1&resize=525%2C300 1.5x, https:\/\/i0.wp.com\/onesea.org\/wp-content\/uploads\/2017\/05\/shark-e1496333617831.jpg?fit=1200%2C900&ssl=1&resize=700%2C400 2x, https:\/\/i0.wp.com\/onesea.org\/wp-content\/uploads\/2017\/05\/shark-e1496333617831.jpg?fit=1200%2C900&ssl=1&resize=1050%2C600 3x"},"classes":[]},{"id":205172,"url":"https:\/\/onesea.org\/en\/blog\/oceanos-saludables\/que-proponen-los-candidatos-presidenciales-para-conservar-los-mares-y-oceanos-de-costa-rica\/","url_meta":{"origin":658,"position":1},"title":"\u00bfQu\u00e9 proponen los candidatos presidenciales para conservar los mares y oc\u00e9anos de Costa Rica?","author":"admin","date":"March 9, 2018","format":false,"excerpt":"A pocas semanas de salir a emitir su voto este primero de abril durante la segunda ronda electoral de Costa Rica, es importante que analice las propuestas de ambos candidatos presidenciales sin dejar de lado la materia ambiental, en especial sus iniciativas para preservar uno de nuestros recursos m\u00e1s valiosos:\u2026","rel":"","context":"In &quot;Oc\u00e9anos Saludables&quot;","block_context":{"text":"Oc\u00e9anos Saludables","link":"https:\/\/onesea.org\/en\/category\/blog\/oceanos-saludables\/"},"img":{"alt_text":"","src":"https:\/\/i0.wp.com\/onesea.org\/wp-content\/uploads\/2018\/03\/Cobertura-Nota.jpg?fit=1200%2C927&ssl=1&resize=350%2C200","width":350,"height":200,"srcset":"https:\/\/i0.wp.com\/onesea.org\/wp-content\/uploads\/2018\/03\/Cobertura-Nota.jpg?fit=1200%2C927&ssl=1&resize=350%2C200 1x, https:\/\/i0.wp.com\/onesea.org\/wp-content\/uploads\/2018\/03\/Cobertura-Nota.jpg?fit=1200%2C927&ssl=1&resize=525%2C300 1.5x, https:\/\/i0.wp.com\/onesea.org\/wp-content\/uploads\/2018\/03\/Cobertura-Nota.jpg?fit=1200%2C927&ssl=1&resize=700%2C400 2x, https:\/\/i0.wp.com\/onesea.org\/wp-content\/uploads\/2018\/03\/Cobertura-Nota.jpg?fit=1200%2C927&ssl=1&resize=1050%2C600 3x"},"classes":[]},{"id":225913,"url":"https:\/\/onesea.org\/en\/blog\/oceanos-saludables\/impac5-5o-congreso-internacional-de-areas-marinas-protegidas\/","url_meta":{"origin":658,"position":2},"title":"IMPAC5:\u00a0 5\u00ba Congreso Internacional de \u00c1reas Marinas Protegidas","author":"admin","date":"January 24, 2023","format":false,"excerpt":"[et_pb_text admin_label=\"Text\" _builder_version=\"4.19.4\" text_font=\"PT Serif||||||||\" text_text_color=\"#ffffff\" text_font_size=\"30px\" text_line_height=\"1.2em\" background_size=\"initial\" background_position=\"top_left\" background_repeat=\"repeat\" text_orientation=\"center\"\u2026","rel":"","context":"In &quot;Blog&quot;","block_context":{"text":"Blog","link":"https:\/\/onesea.org\/en\/category\/blog\/"},"img":{"alt_text":"","src":"https:\/\/i0.wp.com\/onesea.org\/wp-content\/uploads\/2023\/01\/view-of-coral-reef-2022-05-26-02-11-13-utc-1-scaled.jpg?fit=1200%2C800&ssl=1&resize=350%2C200","width":350,"height":200,"srcset":"https:\/\/i0.wp.com\/onesea.org\/wp-content\/uploads\/2023\/01\/view-of-coral-reef-2022-05-26-02-11-13-utc-1-scaled.jpg?fit=1200%2C800&ssl=1&resize=350%2C200 1x, https:\/\/i0.wp.com\/onesea.org\/wp-content\/uploads\/2023\/01\/view-of-coral-reef-2022-05-26-02-11-13-utc-1-scaled.jpg?fit=1200%2C800&ssl=1&resize=525%2C300 1.5x, https:\/\/i0.wp.com\/onesea.org\/wp-content\/uploads\/2023\/01\/view-of-coral-reef-2022-05-26-02-11-13-utc-1-scaled.jpg?fit=1200%2C800&ssl=1&resize=700%2C400 2x, https:\/\/i0.wp.com\/onesea.org\/wp-content\/uploads\/2023\/01\/view-of-coral-reef-2022-05-26-02-11-13-utc-1-scaled.jpg?fit=1200%2C800&ssl=1&resize=1050%2C600 3x"},"classes":[]},{"id":225388,"url":"https:\/\/onesea.org\/en\/blog\/oceanos-saludables\/el-turismo-masivo-esta-amenazando-nuestros-mares\/","url_meta":{"origin":658,"position":3},"title":"El turismo masivo est\u00e1 amenazando nuestros mares","author":"admin","date":"September 6, 2022","format":false,"excerpt":"[et_pb_text admin_label=\"Text\" _builder_version=\"4.17.6\" text_font=\"PT Serif||||||||\" text_text_color=\"#ffffff\" text_font_size=\"30px\" text_line_height=\"1.2em\" background_size=\"initial\" background_position=\"top_left\" background_repeat=\"repeat\" text_orientation=\"center\" width=\"61%\" module_alignment=\"center\" custom_margin=\"150px||0px|\" custom_padding=\"||0px|\" text_font_tablet=\"\" text_font_phone=\"\"\u2026","rel":"","context":"In &quot;Blog&quot;","block_context":{"text":"Blog","link":"https:\/\/onesea.org\/en\/category\/blog\/"},"img":{"alt_text":"","src":"https:\/\/i0.wp.com\/onesea.org\/wp-content\/uploads\/2022\/09\/1x-1.jpg?fit=1200%2C801&ssl=1&resize=350%2C200","width":350,"height":200,"srcset":"https:\/\/i0.wp.com\/onesea.org\/wp-content\/uploads\/2022\/09\/1x-1.jpg?fit=1200%2C801&ssl=1&resize=350%2C200 1x, https:\/\/i0.wp.com\/onesea.org\/wp-content\/uploads\/2022\/09\/1x-1.jpg?fit=1200%2C801&ssl=1&resize=525%2C300 1.5x, https:\/\/i0.wp.com\/onesea.org\/wp-content\/uploads\/2022\/09\/1x-1.jpg?fit=1200%2C801&ssl=1&resize=700%2C400 2x, https:\/\/i0.wp.com\/onesea.org\/wp-content\/uploads\/2022\/09\/1x-1.jpg?fit=1200%2C801&ssl=1&resize=1050%2C600 3x"},"classes":[]},{"id":225088,"url":"https:\/\/onesea.org\/en\/blog\/oceanos-saludables\/nuevo-gobierno-proyecta-un-panorama-no-tan-verde-para-costa-rica\/","url_meta":{"origin":658,"position":4},"title":"Nuevo gobierno proyecta un panorama no tan verde para Costa Rica","author":"Oscar Ruin","date":"May 13, 2022","format":false,"excerpt":"[et_pb_text admin_label=\"Text\" _builder_version=\"4.17.4\" text_font=\"PT Serif||||||||\" text_text_color=\"#ffffff\" text_font_size=\"30px\" text_line_height=\"1.2em\" background_size=\"initial\" background_position=\"top_left\" background_repeat=\"repeat\" text_orientation=\"center\" width=\"61%\" module_alignment=\"center\" custom_margin=\"150px||0px|\"\u2026","rel":"","context":"In &quot;Blog&quot;","block_context":{"text":"Blog","link":"https:\/\/onesea.org\/en\/category\/blog\/"},"img":{"alt_text":"","src":"https:\/\/i0.wp.com\/onesea.org\/wp-content\/uploads\/2022\/06\/costa-rica-bloque-verde-lqs.jpg.webp?fit=610%2C445&ssl=1&resize=350%2C200","width":350,"height":200,"srcset":"https:\/\/i0.wp.com\/onesea.org\/wp-content\/uploads\/2022\/06\/costa-rica-bloque-verde-lqs.jpg.webp?fit=610%2C445&ssl=1&resize=350%2C200 1x, https:\/\/i0.wp.com\/onesea.org\/wp-content\/uploads\/2022\/06\/costa-rica-bloque-verde-lqs.jpg.webp?fit=610%2C445&ssl=1&resize=525%2C300 1.5x"},"classes":[]},{"id":225080,"url":"https:\/\/onesea.org\/en\/blog\/oceanos-saludables\/plasticos-alcanzan-el-artico\/","url_meta":{"origin":658,"position":5},"title":"Pl\u00e1sticos alcanzan el \u00c1rtico","author":"Oscar Ruin","date":"May 10, 2022","format":false,"excerpt":"[et_pb_text admin_label=\"Text\" _builder_version=\"4.17.4\" text_font=\"PT Serif||||||||\" text_text_color=\"#ffffff\" text_font_size=\"30px\" text_line_height=\"1.2em\" background_size=\"initial\" background_position=\"top_left\" background_repeat=\"repeat\" text_orientation=\"center\" width=\"61%\" module_alignment=\"center\" custom_margin=\"150px||0px|\"\u2026","rel":"","context":"In &quot;Blog&quot;","block_context":{"text":"Blog","link":"https:\/\/onesea.org\/en\/category\/blog\/"},"img":{"alt_text":"","src":"https:\/\/i0.wp.com\/onesea.org\/wp-content\/uploads\/2022\/06\/fotos_gal_inicio-1.jpg?fit=565%2C324&ssl=1&resize=350%2C200","width":350,"height":200,"srcset":"https:\/\/i0.wp.com\/onesea.org\/wp-content\/uploads\/2022\/06\/fotos_gal_inicio-1.jpg?fit=565%2C324&ssl=1&resize=350%2C200 1x, https:\/\/i0.wp.com\/onesea.org\/wp-content\/uploads\/2022\/06\/fotos_gal_inicio-1.jpg?fit=565%2C324&ssl=1&resize=525%2C300 1.5x"},"classes":[]}],"_links":{"self":[{"href":"https:\/\/onesea.org\/en\/wp-json\/wp\/v2\/posts\/658","targetHints":{"allow":["GET"]}}],"collection":[{"href":"https:\/\/onesea.org\/en\/wp-json\/wp\/v2\/posts"}],"about":[{"href":"https:\/\/onesea.org\/en\/wp-json\/wp\/v2\/types\/post"}],"author":[{"embeddable":true,"href":"https:\/\/onesea.org\/en\/wp-json\/wp\/v2\/users\/1"}],"replies":[{"embeddable":true,"href":"https:\/\/onesea.org\/en\/wp-json\/wp\/v2\/comments?post=658"}],"version-history":[{"count":3,"href":"https:\/\/onesea.org\/en\/wp-json\/wp\/v2\/posts\/658\/revisions"}],"predecessor-version":[{"id":664,"href":"https:\/\/onesea.org\/en\/wp-json\/wp\/v2\/posts\/658\/revisions\/664"}],"wp:featuredmedia":[{"embeddable":true,"href":"https:\/\/onesea.org\/en\/wp-json\/wp\/v2\/media\/661"}],"wp:attachment":[{"href":"https:\/\/onesea.org\/en\/wp-json\/wp\/v2\/media?parent=658"}],"wp:term":[{"taxonomy":"category","embeddable":true,"href":"https:\/\/onesea.org\/en\/wp-json\/wp\/v2\/categories?post=658"},{"taxonomy":"post_tag","embeddable":true,"href":"https:\/\/onesea.org\/en\/wp-json\/wp\/v2\/tags?post=658"}],"curies":[{"name":"wp","href":"https:\/\/api.w.org\/{rel}","templated":true}]}}