{"id":225928,"date":"2023-02-03T10:14:23","date_gmt":"2023-02-03T16:14:23","guid":{"rendered":"https:\/\/onesea.org\/?p=225928"},"modified":"2023-02-03T10:14:27","modified_gmt":"2023-02-03T16:14:27","slug":"costa-rica-archiva-el-acuerdo-de-escazu","status":"publish","type":"post","link":"https:\/\/onesea.org\/en\/blog\/oceanos-saludables\/costa-rica-archiva-el-acuerdo-de-escazu\/","title":{"rendered":"Costa Rica archiva el Acuerdo de Escaz\u00fa"},"content":{"rendered":"[et_pb_section fb_built=&#8221;1&#8243; admin_label=&#8221;section&#8221; _builder_version=&#8221;4.19.4&#8243; background_color=&#8221;rgba(0,0,0,0.64)&#8221; background_image=&#8221;https:\/\/onesea.org\/wp-content\/uploads\/2023\/02\/slider2_Guanacaste.jpg&#8221; background_position=&#8221;center_right&#8221; background_blend=&#8221;darken&#8221; custom_padding=&#8221;||0px|&#8221; custom_padding_tablet=&#8221;||0px|&#8221; hover_enabled=&#8221;0&#8243; transparent_background=&#8221;off&#8221; padding_mobile=&#8221;on&#8221; make_fullwidth=&#8221;off&#8221; use_custom_width=&#8221;off&#8221; width_unit=&#8221;on&#8221; global_colors_info=&#8221;{}&#8221; sticky_enabled=&#8221;0&#8243; title_text=&#8221;slider2_Guanacaste&#8221;][et_pb_row padding_mobile=&#8221;on&#8221; column_padding_mobile=&#8221;on&#8221; admin_label=&#8221;row&#8221; _builder_version=&#8221;4.16&#8243; background_size=&#8221;initial&#8221; background_position=&#8221;top_left&#8221; background_repeat=&#8221;repeat&#8221; custom_padding=&#8221;||0px|&#8221; make_fullwidth=&#8221;off&#8221; use_custom_width=&#8221;off&#8221; width_unit=&#8221;on&#8221; global_colors_info=&#8221;{}&#8221;][et_pb_column type=&#8221;4_4&#8243; _builder_version=&#8221;4.16&#8243; custom_padding=&#8221;|||&#8221; global_colors_info=&#8221;{}&#8221; custom_padding__hover=&#8221;|||&#8221;][et_pb_text admin_label=&#8221;Text&#8221; _builder_version=&#8221;4.19.4&#8243; text_font=&#8221;PT Serif||||||||&#8221; text_text_color=&#8221;#ffffff&#8221; text_font_size=&#8221;30px&#8221; text_line_height=&#8221;1.2em&#8221; background_size=&#8221;initial&#8221; background_position=&#8221;top_left&#8221; background_repeat=&#8221;repeat&#8221; text_orientation=&#8221;center&#8221; width=&#8221;61%&#8221; module_alignment=&#8221;center&#8221; custom_margin=&#8221;150px||0px|&#8221; custom_padding=&#8221;||0px|&#8221; hover_enabled=&#8221;0&#8243; text_font_tablet=&#8221;&#8221; text_font_phone=&#8221;&#8221; text_font_last_edited=&#8221;on|phone&#8221; text_text_shadow_style=&#8221;preset2&#8243; text_text_shadow_horizontal_length_last_edited=&#8221;off|desktop&#8221; use_border_color=&#8221;off&#8221; border_color=&#8221;#ffffff&#8221; border_style=&#8221;solid&#8221; text_text_align=&#8221;center&#8221; global_colors_info=&#8221;{}&#8221; sticky_enabled=&#8221;0&#8243;]<p><b>Costa Rica archiva el Acuerdo de Escaz\u00fa<\/b><\/p>[\/et_pb_text][et_pb_text admin_label=&#8221;Text&#8221; _builder_version=&#8221;4.16&#8243; text_font=&#8221;Flood|300|||||||&#8221; text_text_color=&#8221;#f2bf29&#8243; text_font_size=&#8221;50px&#8221; background_color=&#8221;rgba(48,105,140,0.63)&#8221; background_size=&#8221;initial&#8221; background_position=&#8221;top_left&#8221; background_repeat=&#8221;repeat&#8221; text_orientation=&#8221;center&#8221; width=&#8221;41%&#8221; module_alignment=&#8221;center&#8221; custom_margin=&#8221;50px||100px|&#8221; custom_padding=&#8221;||0px|&#8221; text_text_shadow_style=&#8221;preset2&#8243; use_border_color=&#8221;off&#8221; border_color=&#8221;#ffffff&#8221; border_style=&#8221;solid&#8221; text_text_align=&#8221;center&#8221; global_colors_info=&#8221;{}&#8221;]<p style=\"text-align: center;\">Oneblog<\/p>[\/et_pb_text][\/et_pb_column][\/et_pb_row][\/et_pb_section][et_pb_section fb_built=&#8221;1&#8243; admin_label=&#8221;Section&#8221; _builder_version=&#8221;4.19.2&#8243; background_color=&#8221;#f7f7f4&#8243; custom_padding=&#8221;0px|||&#8221; custom_padding_tablet=&#8221;0px|||&#8221; transparent_background=&#8221;off&#8221; padding_mobile=&#8221;on&#8221; make_fullwidth=&#8221;off&#8221; use_custom_width=&#8221;off&#8221; width_unit=&#8221;on&#8221; global_colors_info=&#8221;{}&#8221;][et_pb_row column_padding_mobile=&#8221;on&#8221; admin_label=&#8221;row&#8221; _builder_version=&#8221;4.16&#8243; background_size=&#8221;initial&#8221; background_position=&#8221;top_left&#8221; background_repeat=&#8221;repeat&#8221; max_width=&#8221;620px&#8221; custom_margin=&#8221;||0px||false|false&#8221; custom_padding=&#8221;0px||0px||false|false&#8221; make_fullwidth=&#8221;off&#8221; use_custom_width=&#8221;on&#8221; width_unit=&#8221;on&#8221; custom_width_px=&#8221;620px&#8221; global_colors_info=&#8221;{}&#8221;][et_pb_column type=&#8221;4_4&#8243; _builder_version=&#8221;4.16&#8243; custom_padding=&#8221;|||&#8221; global_colors_info=&#8221;{}&#8221; custom_padding__hover=&#8221;|||&#8221;][et_pb_image src=&#8221;https:\/\/onesea.org\/wp-content\/uploads\/2019\/09\/IMG_8958.png&#8221; show_bottom_space=&#8221;off&#8221; align=&#8221;center&#8221; align_tablet=&#8221;center&#8221; align_phone=&#8221;&#8221; align_last_edited=&#8221;on|desktop&#8221; admin_label=&#8221;Image&#8221; _builder_version=&#8221;4.16&#8243; width=&#8221;30%&#8221; module_alignment=&#8221;center&#8221; custom_margin=&#8221;-65px||||false|false&#8221; use_border_color=&#8221;off&#8221; border_color=&#8221;#ffffff&#8221; border_style=&#8221;solid&#8221; animation=&#8221;off&#8221; sticky=&#8221;on&#8221; always_center_on_mobile=&#8221;on&#8221; global_colors_info=&#8221;{}&#8221;][\/et_pb_image][et_pb_text admin_label=&#8221;Text&#8221; _builder_version=&#8221;4.16&#8243; text_font=&#8221;PT Sans||||&#8221; text_text_color=&#8221;#323232&#8243; text_font_size=&#8221;18&#8243; text_line_height=&#8221;1.4em&#8221; background_size=&#8221;initial&#8221; background_position=&#8221;top_left&#8221; background_repeat=&#8221;repeat&#8221; text_orientation=&#8221;center&#8221; module_alignment=&#8221;center&#8221; custom_margin=&#8221;14px||0px|&#8221; custom_padding=&#8221;||0px|||&#8221; use_border_color=&#8221;off&#8221; border_color=&#8221;#ffffff&#8221; border_style=&#8221;solid&#8221; global_colors_info=&#8221;{}&#8221;]<p><span style=\"color: #333333;\"><strong>OneBlog<\/strong><\/span>, <span style=\"color: #003366;\">Fundaci\u00f3n OneSea<\/span>, Costa Rica<\/p>[\/et_pb_text][\/et_pb_column][\/et_pb_row][et_pb_row _builder_version=&#8221;4.17.4&#8243; _module_preset=&#8221;default&#8221; global_colors_info=&#8221;{}&#8221;][et_pb_column type=&#8221;4_4&#8243; _builder_version=&#8221;4.17.4&#8243; _module_preset=&#8221;default&#8221; global_colors_info=&#8221;{}&#8221;][et_pb_text _builder_version=&#8221;4.19.4&#8243; _module_preset=&#8221;default&#8221; text_font=&#8221;Arial||||||||&#8221; text_text_color=&#8221;#000000&#8243; text_font_size=&#8221;16px&#8221; text_line_height=&#8221;1.4em&#8221; hover_enabled=&#8221;0&#8243; global_colors_info=&#8221;{}&#8221; sticky_enabled=&#8221;0&#8243;]<p style=\"text-align: justify;\"><span style=\"font-weight: 400;\">El pasado 31 de enero, concluy\u00f3 el periodo cuatrienal del Acuerdo Regional sobre el Acceso a la Informaci\u00f3n, la Participaci\u00f3n P\u00fablica y el Acceso a la Justicia en Asuntos Ambientales en Am\u00e9rica Latina y el Caribe, mejor conocido como el \u201cAcuerdo de Escaz\u00fa\u201d.<\/span><\/p>\n<p style=\"text-align: justify;\"><span style=\"font-weight: 400;\">As\u00ed, la Asamblea Legislativa convoc\u00f3 a votaci\u00f3n para la extensi\u00f3n del plazo este 1 de febrero, resultando en una mayor\u00eda de votos a favor del cierre del proceso, dando como archivado el proyecto de ley.<\/span><\/p>\n<p style=\"text-align: justify;\"><span style=\"font-weight: 400;\">Desde OneSea, vemos esta coyuntura con preocupaci\u00f3n, ya que el congreso decidi\u00f3 dar la espalda a la protecci\u00f3n de los derechos humanos de las personas defensoras del ambiente, personas que forman parte de organizaciones de la sociedad civil, como lo es nuestra fundaci\u00f3n.\u00a0<\/span><\/p>[\/et_pb_text][\/et_pb_column][\/et_pb_row][et_pb_row column_structure=&#8221;3_5,2_5&#8243; column_padding_mobile=&#8221;on&#8221; admin_label=&#8221;row&#8221; _builder_version=&#8221;4.16&#8243; background_size=&#8221;initial&#8221; background_position=&#8221;top_left&#8221; background_repeat=&#8221;repeat&#8221; width=&#8221;98.3%&#8221; custom_margin=&#8221;-40px||||false|false&#8221; custom_padding=&#8221;0px||4px||false|false&#8221; make_fullwidth=&#8221;off&#8221; use_custom_width=&#8221;off&#8221; width_unit=&#8221;on&#8221; global_colors_info=&#8221;{}&#8221;][et_pb_column type=&#8221;3_5&#8243; _builder_version=&#8221;4.16&#8243; custom_padding=&#8221;60px||||false|false&#8221; global_colors_info=&#8221;{}&#8221; custom_padding__hover=&#8221;|||&#8221;][et_pb_text admin_label=&#8221;Text&#8221; _builder_version=&#8221;4.19.4&#8243; text_font=&#8221;PT Serif||||||||&#8221; text_text_color=&#8221;#000000&#8243; text_font_size=&#8221;20px&#8221; text_line_height=&#8221;1.3em&#8221; background_size=&#8221;initial&#8221; background_position=&#8221;top_left&#8221; background_repeat=&#8221;repeat&#8221; max_width=&#8221;900px&#8221; custom_margin=&#8221;-35px||18px||false|false&#8221; custom_padding=&#8221;0px||0px||false|false&#8221; hover_enabled=&#8221;0&#8243; text_font_size_tablet=&#8221;&#8221; text_font_size_phone=&#8221;&#8221; text_font_size_last_edited=&#8221;on|tablet&#8221; use_border_color=&#8221;off&#8221; border_color=&#8221;#ffffff&#8221; border_style=&#8221;solid&#8221; global_colors_info=&#8221;{}&#8221; sticky_enabled=&#8221;0&#8243;]<p><b>Una herramienta para la informaci\u00f3n, participaci\u00f3n y el acceso a justicia en temas ambientales<\/b><\/p>[\/et_pb_text][et_pb_text _builder_version=&#8221;4.19.4&#8243; text_font=&#8221;Arial||||||||&#8221; text_text_color=&#8221;#000000&#8243; text_font_size=&#8221;16px&#8221; text_line_height=&#8221;1.4em&#8221; text_orientation=&#8221;justified&#8221; custom_margin=&#8221;-4px||-2px|10px|false|false&#8221; custom_padding=&#8221;||0px|||&#8221; hover_enabled=&#8221;0&#8243; global_colors_info=&#8221;{}&#8221; sticky_enabled=&#8221;0&#8243;]<p style=\"text-align: justify;\"><a href=\"https:\/\/onesea.org\/en\/blog\/oceanos-saludables\/la-incognita-en-la-participacion-el-acuerdo-de-escazu-en-costa-rica\/\"><span style=\"font-weight: 400;\">El Acuerdo de Escaz\u00fa<\/span><\/a><span style=\"font-weight: 400;\"> nace del inter\u00e9s de crear un instrumento internacional para validar el <\/span><a href=\"https:\/\/www.cepal.org\/es\/infografias\/principio-10-la-declaracion-rio-medio-ambiente-desarrollo\"><span style=\"font-weight: 400;\">principio 10<\/span><\/a><span style=\"font-weight: 400;\"> de la convenci\u00f3n de la conferencia <\/span><a href=\"https:\/\/www.cepal.org\/rio20\/es\/index\"><span style=\"font-weight: 400;\">R\u00edo +20<\/span><\/a><span style=\"font-weight: 400;\">, un hito hist\u00f3rico en donde los Estados parte de la ONU se reunieron para reflexionar sobre el trayecto del desarrollo sostenible despu\u00e9s de 20 a\u00f1os de trabajo en esa l\u00ednea.\u00a0<\/span><\/p>\n<p style=\"text-align: justify;\"><span style=\"font-weight: 400;\">25 pa\u00edses de Am\u00e9rica Latina y el Caribe, dicen concretar el instrumento durante el periodo del 2014 al 2018, en donde Costa Rica y Chile lideraban su construcci\u00f3n. Para Marzo del 2018, se firma el Acuerdo de Escaz\u00fa en Costa Rica, en la ciudad del mismo nombre, con la promesa de asegurar que toda persona tenga acceso a la informaci\u00f3n, participe en la toma de decisiones y acceda a la justicia en asuntos ambientales, en una de las regiones m\u00e1s violenta y peligrosa para las personas defensoras.<\/span><\/p>\n<p style=\"text-align: justify;\"><span style=\"font-weight: 400;\">El proceso de ratificaci\u00f3n del instrumento no dio resultados positivos para Costa Rica. Dicho Acuerdo fue v\u00edctima de la polarizaci\u00f3n y desinformaci\u00f3n, por parte de las elites empresariales, dando como resultado bloques de oposici\u00f3n que influenciaron a la mayor\u00eda de fracciones pol\u00edticas con discursos alejados de los derechos socioambientales.\u00a0<\/span><\/p>\n<p style=\"text-align: justify;\"><span style=\"font-weight: 400;\">Costa Rica no podr\u00e1 ser parte de los beneficios que brinda el acuerdo tanto en materia econ\u00f3mica, social y de posicionamiento internacional.\u00a0\u00a0<\/span><\/p>\n<p style=\"text-align: justify;\"><span style=\"font-weight: 400;\">El Acuerdo abarca puntos fundamentales para la conservaci\u00f3n y desarrollo sostenible costarricense como:<\/span><\/p>\n<ul>\n<li style=\"font-weight: 400; text-align: justify;\" aria-level=\"1\"><span style=\"font-weight: 400;\">Seguridad jur\u00eddica y establecimiento de un piso vinculante para la inversi\u00f3n extranjera con base a la legislaci\u00f3n estatal, para impulsar un desarrollo alineado con sostenibilidad.\u00a0<\/span><\/li>\n<li style=\"font-weight: 400; text-align: justify;\" aria-level=\"1\"><span style=\"font-weight: 400;\">Acceso para las comunidades de la informaci\u00f3n ambiental de sus territorios.\u00a0<\/span><\/li>\n<li style=\"font-weight: 400; text-align: justify;\" aria-level=\"1\"><span style=\"font-weight: 400;\">Procesos de consulta y participaci\u00f3n p\u00fablica para el consenso sobre la viabilidad de proyectos en los territorios.\u00a0<\/span><\/li>\n<li style=\"font-weight: 400; text-align: justify;\" aria-level=\"1\"><span style=\"font-weight: 400;\">Financiamiento de cooperaci\u00f3n internacional y desarrollo de capacidades en materia ambiental para la poblaci\u00f3n.<\/span><\/li>\n<li style=\"font-weight: 400; text-align: justify;\" aria-level=\"1\"><span style=\"font-weight: 400;\">Acceso a mecanismo de justicia para las personas defensoras.<\/span><span style=\"font-weight: 400;\"><\/span><\/li>\n<\/ul>[\/et_pb_text][et_pb_text _builder_version=&#8221;4.19.4&#8243; _module_preset=&#8221;default&#8221; hover_enabled=&#8221;0&#8243; sticky_enabled=&#8221;0&#8243; width=&#8221;100%&#8221; custom_padding=&#8221;|25px|0px|||&#8221; min_height=&#8221;20px&#8221;]<h3><b>El Acuerdo de Escaz\u00fa y las comunidades costeras<\/b><\/h3>\n<p><b><\/b><\/p>\n<p><b><\/b><\/p>[\/et_pb_text][\/et_pb_column][et_pb_column type=&#8221;2_5&#8243; _builder_version=&#8221;4.16&#8243; custom_padding=&#8221;40px||||false|false&#8221; global_colors_info=&#8221;{}&#8221; custom_padding__hover=&#8221;|||&#8221;][et_pb_image src=&#8221;https:\/\/onesea.org\/wp-content\/uploads\/2022\/06\/escazu-1080&#215;675-1.jpg&#8221; title_text=&#8221;escazu-1080&#215;675&#8243; _builder_version=&#8221;4.19.4&#8243; _module_preset=&#8221;default&#8221; hover_enabled=&#8221;0&#8243; global_colors_info=&#8221;{}&#8221; sticky_enabled=&#8221;0&#8243;][\/et_pb_image][\/et_pb_column][\/et_pb_row][et_pb_row _builder_version=&#8221;4.16&#8243; _module_preset=&#8221;default&#8221; custom_margin=&#8221;-179px|auto||auto||&#8221; custom_padding=&#8221;24px||7px|||&#8221; global_colors_info=&#8221;{}&#8221;][et_pb_column type=&#8221;4_4&#8243; _builder_version=&#8221;4.16&#8243; _module_preset=&#8221;default&#8221; global_colors_info=&#8221;{}&#8221;][et_pb_text _builder_version=&#8221;4.19.4&#8243; text_font=&#8221;Arial||||||||&#8221; text_text_color=&#8221;#000000&#8243; text_font_size=&#8221;16px&#8221; text_line_height=&#8221;1.4em&#8221; header_font=&#8221;PT Serif||||||||&#8221; header_3_font=&#8221;PT Serif||||||||&#8221; header_3_text_color=&#8221;#000000&#8243; text_orientation=&#8221;justified&#8221; width=&#8221;100%&#8221; custom_padding=&#8221;0px|||0px||&#8221; hover_enabled=&#8221;0&#8243; global_colors_info=&#8221;{}&#8221; sticky_enabled=&#8221;0&#8243;]<p style=\"text-align: justify;\"><span style=\"font-weight: 400;\">Las costas del pa\u00eds no est\u00e1n exentas de la violencia socioambiental que ha permeado a la conservaci\u00f3n costarricense.\u00a0<\/span><\/p>\n<p style=\"text-align: justify;\"><span style=\"font-weight: 400;\">El instrumento internacional que la Asamblea Legislativa archiv\u00f3, es una herramienta necesaria para atender las problem\u00e1ticas que afectan a las personas de comunidades costeras y sus ecosistemas.\u00a0<\/span><\/p>\n<p style=\"text-align: justify;\"><span style=\"font-weight: 400;\">Al ser las playas y mares de nuestro pa\u00eds, uno de los puntos finales de la propagaci\u00f3n por la <\/span><a href=\"https:\/\/onesea.org\/en\/tag\/contaminacion-por-plastico\/\"><span style=\"font-weight: 400;\">contaminaci\u00f3n del pl\u00e1stico<\/span><\/a><span style=\"font-weight: 400;\">, las oportunidades de denuncia se encuentran dispersas entre muchos marcos normativos. El Acuerdo de Escaz\u00fa podr\u00eda facilitar dichos procesos, ya que ordena la normativa ambiental en m\u00ednimos vinculantes.\u00a0<\/span><\/p>\n<p style=\"text-align: justify;\"><span style=\"font-weight: 400;\">Por otra parte, <\/span><a href=\"https:\/\/onesea.org\/en\/blog\/oceanos-saludables\/el-turismo-masivo-esta-amenazando-nuestros-mares\/\"><span style=\"font-weight: 400;\">el desarrollo inmobiliario<\/span><\/a><span style=\"font-weight: 400;\"> y sus afectaciones a los ecosistemas costeros, han empezado a tener impactos ecol\u00f3gicos y sociales en estas comunidades. Algo recurrente en este tipo de situaciones es la amenaza y da\u00f1os materiales. La ratificaci\u00f3n del instrumento brinda la protecci\u00f3n jur\u00eddica y el acceso a justicia adecuado para las personas no solo defensoras o activistas, sino a cualquiera que quiera denunciar afectaciones ambientales en su barrio, comunidad y bienes naturales comunes.\u00a0<\/span><\/p>\n<p style=\"text-align: justify;\"><span style=\"font-weight: 400;\">Para la fundaci\u00f3n OneSea, es necesario hacer un llamado al poder ejecutivo y pedir la convocatoria del proyecto de Ley del Acuerdo de Escaz\u00fa sea discutido nuevamente por la asamblea legislativa. Tanto las organizaciones de sociedad civil, como comunidades enteras necesitamos de su ratificaci\u00f3n, para poder seguir nuestro trabajo por la conservaci\u00f3n y desarrollo sostenible, que tanto posicionamos en nuestra imagen internacional. <\/span><\/p>[\/et_pb_text][\/et_pb_column][\/et_pb_row][\/et_pb_section][et_pb_section fb_built=&#8221;1&#8243; admin_label=&#8221;Section&#8221; _builder_version=&#8221;4.16&#8243; custom_margin=&#8221;-20px||||false|false&#8221; custom_padding=&#8221;10px||||false|false&#8221; global_colors_info=&#8221;{}&#8221;][et_pb_row padding_mobile=&#8221;off&#8221; column_padding_mobile=&#8221;on&#8221; admin_label=&#8221;Row&#8221; _builder_version=&#8221;4.16&#8243; background_size=&#8221;initial&#8221; background_position=&#8221;top_left&#8221; background_repeat=&#8221;repeat&#8221; max_width=&#8221;780px&#8221; make_fullwidth=&#8221;off&#8221; use_custom_width=&#8221;on&#8221; width_unit=&#8221;on&#8221; custom_width_px=&#8221;780px&#8221; global_colors_info=&#8221;{}&#8221;][et_pb_column type=&#8221;4_4&#8243; _builder_version=&#8221;4.16&#8243; custom_padding=&#8221;|||&#8221; global_colors_info=&#8221;{}&#8221; custom_padding__hover=&#8221;|||&#8221;][et_pb_text admin_label=&#8221;Text&#8221; _builder_version=&#8221;4.16&#8243; text_font=&#8221;PT Serif||||&#8221; text_text_color=&#8221;#363636&#8243; text_font_size=&#8221;36&#8243; text_line_height=&#8221;1.4em&#8221; background_size=&#8221;initial&#8221; background_position=&#8221;top_left&#8221; background_repeat=&#8221;repeat&#8221; text_orientation=&#8221;center&#8221; module_alignment=&#8221;center&#8221; custom_margin=&#8221;||70px|&#8221; text_font_size_tablet=&#8221;26&#8243; text_font_size_phone=&#8221;&#8221; text_font_size_last_edited=&#8221;on|tablet&#8221; use_border_color=&#8221;off&#8221; border_color=&#8221;#ffffff&#8221; border_style=&#8221;solid&#8221; global_colors_info=&#8221;{}&#8221;]<p><span>\u00a1Suscr\u00edbete a OneBlog! \u00a1Noticias, informaci\u00f3n, educaci\u00f3n y m\u00e1s!<\/span><\/p>\n<div><\/div>[\/et_pb_text][et_pb_contact_form captcha=&#8221;off&#8221; admin_label=&#8221;Contact Form&#8221; _builder_version=&#8221;4.16&#8243; _unique_id=&#8221;90178498-06a9-463f-9f4d-d6b1356e88cb&#8221; custom_button=&#8221;on&#8221; button_text_color=&#8221;#ffffff&#8221; button_bg_color=&#8221;#02b875&#8243; button_border_width=&#8221;8&#8243; button_border_color=&#8221;#02b875&#8243; button_border_radius=&#8221;4&#8243; border_radii=&#8221;on|0px|0px|0px|0px&#8221; use_border_color=&#8221;off&#8221; border_color=&#8221;#ffffff&#8221; border_style=&#8221;solid&#8221; input_border_radius=&#8221;0&#8243; global_colors_info=&#8221;{}&#8221;][et_pb_contact_field field_id=&#8221;E-mail_Address&#8221; field_title=&#8221;E-mail Address&#8221; _builder_version=&#8221;4.16&#8243; form_field_background_color=&#8221;rgba(0,0,0,0)&#8221; form_field_text_color=&#8221;#adadab&#8221; form_field_font=&#8221;PT Sans||||&#8221; form_field_font_size=&#8221;20&#8243; form_field_line_height=&#8221;1.4em&#8221; form_field_font_size_tablet=&#8221;20&#8243; form_field_font_size_phone=&#8221;20&#8243; form_field_line_height_tablet=&#8221;1.4em&#8221; form_field_line_height_phone=&#8221;1.4em&#8221; custom_css_main_element=&#8221;height:64px;&#8221; border_width_all=&#8221;1&#8243; border_color_all=&#8221;#adadab&#8221; border_style_all=&#8221;solid&#8221; use_border_color=&#8221;on&#8221; border_color=&#8221;#adadab&#8221; border_width=&#8221;1&#8243; border_style=&#8221;solid&#8221; field_background_color=&#8221;rgba(0,0,0,0)&#8221; global_colors_info=&#8221;{}&#8221; button_text_size__hover_enabled=&#8221;off&#8221; button_one_text_size__hover_enabled=&#8221;off&#8221; button_two_text_size__hover_enabled=&#8221;off&#8221; button_text_color__hover_enabled=&#8221;off&#8221; button_one_text_color__hover_enabled=&#8221;off&#8221; button_two_text_color__hover_enabled=&#8221;off&#8221; button_border_width__hover_enabled=&#8221;off&#8221; button_one_border_width__hover_enabled=&#8221;off&#8221; button_two_border_width__hover_enabled=&#8221;off&#8221; button_border_color__hover_enabled=&#8221;off&#8221; button_one_border_color__hover_enabled=&#8221;off&#8221; button_two_border_color__hover_enabled=&#8221;off&#8221; button_border_radius__hover_enabled=&#8221;off&#8221; button_one_border_radius__hover_enabled=&#8221;off&#8221; button_two_border_radius__hover_enabled=&#8221;off&#8221; button_letter_spacing__hover_enabled=&#8221;off&#8221; button_one_letter_spacing__hover_enabled=&#8221;off&#8221; button_two_letter_spacing__hover_enabled=&#8221;off&#8221; button_bg_color__hover_enabled=&#8221;off&#8221; button_one_bg_color__hover_enabled=&#8221;off&#8221; button_two_bg_color__hover_enabled=&#8221;off&#8221;][\/et_pb_contact_field][et_pb_contact_field field_id=&#8221;First Name&#8221; field_title=&#8221;First Name&#8221; _builder_version=&#8221;4.16&#8243; form_field_background_color=&#8221;rgba(0,0,0,0)&#8221; form_field_text_color=&#8221;#adadab&#8221; form_field_font=&#8221;PT Sans||||&#8221; form_field_font_size=&#8221;20&#8243; form_field_line_height=&#8221;1.4em&#8221; form_field_font_size_tablet=&#8221;20&#8243; form_field_font_size_phone=&#8221;20&#8243; form_field_line_height_tablet=&#8221;1.4em&#8221; form_field_line_height_phone=&#8221;1.4em&#8221; custom_css_main_element=&#8221;height:64px;&#8221; border_width_all=&#8221;1&#8243; border_color_all=&#8221;#adadab&#8221; border_style_all=&#8221;solid&#8221; use_border_color=&#8221;on&#8221; border_color=&#8221;#adadab&#8221; border_width=&#8221;1&#8243; border_style=&#8221;solid&#8221; field_background_color=&#8221;rgba(0,0,0,0)&#8221; global_colors_info=&#8221;{}&#8221; button_text_size__hover_enabled=&#8221;off&#8221; button_one_text_size__hover_enabled=&#8221;off&#8221; button_two_text_size__hover_enabled=&#8221;off&#8221; button_text_color__hover_enabled=&#8221;off&#8221; button_one_text_color__hover_enabled=&#8221;off&#8221; button_two_text_color__hover_enabled=&#8221;off&#8221; button_border_width__hover_enabled=&#8221;off&#8221; button_one_border_width__hover_enabled=&#8221;off&#8221; button_two_border_width__hover_enabled=&#8221;off&#8221; button_border_color__hover_enabled=&#8221;off&#8221; button_one_border_color__hover_enabled=&#8221;off&#8221; button_two_border_color__hover_enabled=&#8221;off&#8221; button_border_radius__hover_enabled=&#8221;off&#8221; button_one_border_radius__hover_enabled=&#8221;off&#8221; button_two_border_radius__hover_enabled=&#8221;off&#8221; button_letter_spacing__hover_enabled=&#8221;off&#8221; button_one_letter_spacing__hover_enabled=&#8221;off&#8221; button_two_letter_spacing__hover_enabled=&#8221;off&#8221; button_bg_color__hover_enabled=&#8221;off&#8221; button_one_bg_color__hover_enabled=&#8221;off&#8221; button_two_bg_color__hover_enabled=&#8221;off&#8221;][\/et_pb_contact_field][\/et_pb_contact_form][\/et_pb_column][\/et_pb_row][\/et_pb_section]","protected":false},"excerpt":{"rendered":"<p>Costa Rica archiva el Acuerdo de Escaz\u00faOneblogOneBlog, Fundaci\u00f3n OneSea, Costa RicaEl pasado 31 de enero, concluy\u00f3 el periodo cuatrienal del Acuerdo Regional sobre el Acceso a la Informaci\u00f3n, la Participaci\u00f3n P\u00fablica y el Acceso a la Justicia en Asuntos Ambientales en Am\u00e9rica Latina y el Caribe, mejor conocido como el \u201cAcuerdo de Escaz\u00fa\u201d. As\u00ed, la [&hellip;]<\/p>","protected":false},"author":1,"featured_media":225931,"comment_status":"open","ping_status":"open","sticky":false,"template":"","format":"standard","meta":{"_et_pb_use_builder":"on","_et_pb_old_content":"","_et_gb_content_width":"2880","footnotes":""},"categories":[15,676,6,1,700],"tags":[679,745,416,719],"class_list":["post-225928","post","type-post","status-publish","format-standard","has-post-thumbnail","hentry","category-blog","category-comunicados","category-noticias-ambientales","category-oceanos-saludables","category-posiciones","tag-conservacion","tag-oceanos","tag-onu","tag-politicas-ambientales"],"jetpack_sharing_enabled":true,"jetpack_featured_media_url":"https:\/\/i0.wp.com\/onesea.org\/wp-content\/uploads\/2023\/02\/slider2_Guanacaste.jpg?fit=1920%2C1280&ssl=1","jetpack-related-posts":[{"id":225716,"url":"https:\/\/onesea.org\/en\/blog\/oceanos-saludables\/la-conservacion-marina-es-fundamental-para-la-crisis-ambiental\/","url_meta":{"origin":225928,"position":0},"title":"La conservaci\u00f3n marina es fundamental para la crisis ambiental","author":"admin","date":"December 30, 2022","format":false,"excerpt":"","rel":"","context":"In &quot;Blog&quot;","block_context":{"text":"Blog","link":"https:\/\/onesea.org\/en\/category\/blog\/"},"img":{"alt_text":"","src":"https:\/\/i0.wp.com\/onesea.org\/wp-content\/uploads\/2022\/12\/coral-reef-red-sea-egypt-marsa-alam-2022-02-01-23-40-12-utc-scaled.jpg?fit=1200%2C900&ssl=1&resize=350%2C200","width":350,"height":200,"srcset":"https:\/\/i0.wp.com\/onesea.org\/wp-content\/uploads\/2022\/12\/coral-reef-red-sea-egypt-marsa-alam-2022-02-01-23-40-12-utc-scaled.jpg?fit=1200%2C900&ssl=1&resize=350%2C200 1x, https:\/\/i0.wp.com\/onesea.org\/wp-content\/uploads\/2022\/12\/coral-reef-red-sea-egypt-marsa-alam-2022-02-01-23-40-12-utc-scaled.jpg?fit=1200%2C900&ssl=1&resize=525%2C300 1.5x, https:\/\/i0.wp.com\/onesea.org\/wp-content\/uploads\/2022\/12\/coral-reef-red-sea-egypt-marsa-alam-2022-02-01-23-40-12-utc-scaled.jpg?fit=1200%2C900&ssl=1&resize=700%2C400 2x, https:\/\/i0.wp.com\/onesea.org\/wp-content\/uploads\/2022\/12\/coral-reef-red-sea-egypt-marsa-alam-2022-02-01-23-40-12-utc-scaled.jpg?fit=1200%2C900&ssl=1&resize=1050%2C600 3x"},"classes":[]},{"id":225882,"url":"https:\/\/onesea.org\/en\/blog\/oceanos-saludables\/el-poder-de-todos-para-salvar-los-oceanos\/","url_meta":{"origin":225928,"position":1},"title":"El Poder de Todos para salvar los oc\u00e9anos","author":"admin","date":"January 13, 2023","format":false,"excerpt":"","rel":"","context":"In &quot;Blog&quot;","block_context":{"text":"Blog","link":"https:\/\/onesea.org\/en\/category\/blog\/"},"img":{"alt_text":"","src":"https:\/\/i0.wp.com\/onesea.org\/wp-content\/uploads\/2023\/01\/UN0364000-2.jpg?fit=765%2C510&ssl=1&resize=350%2C200","width":350,"height":200,"srcset":"https:\/\/i0.wp.com\/onesea.org\/wp-content\/uploads\/2023\/01\/UN0364000-2.jpg?fit=765%2C510&ssl=1&resize=350%2C200 1x, https:\/\/i0.wp.com\/onesea.org\/wp-content\/uploads\/2023\/01\/UN0364000-2.jpg?fit=765%2C510&ssl=1&resize=525%2C300 1.5x, https:\/\/i0.wp.com\/onesea.org\/wp-content\/uploads\/2023\/01\/UN0364000-2.jpg?fit=765%2C510&ssl=1&resize=700%2C400 2x"},"classes":[]},{"id":225733,"url":"https:\/\/onesea.org\/en\/blog\/oceanos-saludables\/para-lograr-paz-con-el-oceano-necesitamos-la-union-y-el-poder-todos-lecciones-del-2022\/","url_meta":{"origin":225928,"position":2},"title":"Para lograr paz con el oc\u00e9ano necesitamos la uni\u00f3n y el poder todos. Lecciones del 2022","author":"admin","date":"December 27, 2022","format":false,"excerpt":"","rel":"","context":"In &quot;Blog&quot;","block_context":{"text":"Blog","link":"https:\/\/onesea.org\/en\/category\/blog\/"},"img":{"alt_text":"","src":"https:\/\/i0.wp.com\/onesea.org\/wp-content\/uploads\/2022\/12\/69603287_1104505966416887_4406802957283098624_n.jpg?fit=1200%2C900&ssl=1&resize=350%2C200","width":350,"height":200,"srcset":"https:\/\/i0.wp.com\/onesea.org\/wp-content\/uploads\/2022\/12\/69603287_1104505966416887_4406802957283098624_n.jpg?fit=1200%2C900&ssl=1&resize=350%2C200 1x, https:\/\/i0.wp.com\/onesea.org\/wp-content\/uploads\/2022\/12\/69603287_1104505966416887_4406802957283098624_n.jpg?fit=1200%2C900&ssl=1&resize=525%2C300 1.5x, https:\/\/i0.wp.com\/onesea.org\/wp-content\/uploads\/2022\/12\/69603287_1104505966416887_4406802957283098624_n.jpg?fit=1200%2C900&ssl=1&resize=700%2C400 2x, https:\/\/i0.wp.com\/onesea.org\/wp-content\/uploads\/2022\/12\/69603287_1104505966416887_4406802957283098624_n.jpg?fit=1200%2C900&ssl=1&resize=1050%2C600 3x"},"classes":[]},{"id":1319,"url":"https:\/\/onesea.org\/en\/blog\/noticias-ambientales\/celebrando-festival-mundial-oceanos\/","url_meta":{"origin":225928,"position":3},"title":"Celebrando el Festival Mundial de los Oc\u00e9anos","author":"admin","date":"May 26, 2017","format":false,"excerpt":"La Organizaci\u00f3n de las Naciones Unidas (ONU) celebrar\u00e1 el pr\u00f3ximo mes de Junio del 2017, el Festival Mundial de los Oc\u00e9anos, con el objetivo de promover acciones a escala global que resalten la importancia de preservar y utilizar de forma sostenible los ecosistemas y recursos marinos.","rel":"","context":"In &quot;Blog&quot;","block_context":{"text":"Blog","link":"https:\/\/onesea.org\/en\/category\/blog\/"},"img":{"alt_text":"Alzando una voz colectiva por los oc\u00e9anos.","src":"https:\/\/i0.wp.com\/onesea.org\/wp-content\/uploads\/2016\/10\/photo-1454991727061-be514eae86f7-e1495237552771.jpg?fit=800%2C533&ssl=1&resize=350%2C200","width":350,"height":200,"srcset":"https:\/\/i0.wp.com\/onesea.org\/wp-content\/uploads\/2016\/10\/photo-1454991727061-be514eae86f7-e1495237552771.jpg?fit=800%2C533&ssl=1&resize=350%2C200 1x, https:\/\/i0.wp.com\/onesea.org\/wp-content\/uploads\/2016\/10\/photo-1454991727061-be514eae86f7-e1495237552771.jpg?fit=800%2C533&ssl=1&resize=525%2C300 1.5x, https:\/\/i0.wp.com\/onesea.org\/wp-content\/uploads\/2016\/10\/photo-1454991727061-be514eae86f7-e1495237552771.jpg?fit=800%2C533&ssl=1&resize=700%2C400 2x"},"classes":[]},{"id":1526,"url":"https:\/\/onesea.org\/en\/blog\/oceanos-saludables\/mejores-proyectos-verdes-latinoamerica\/","url_meta":{"origin":225928,"position":4},"title":"Campa\u00f1a de OneSea, entre los mejores proyectos verdes de Latinoam\u00e9rica","author":"admin","date":"July 7, 2017","format":false,"excerpt":"La campa\u00f1a \"Restaurantes Eco Amigables con los Oc\u00e9anos\" de la fundaci\u00f3n OneSea.org, fue seleccionado como uno de los 500 mejores proyectos ambientales de Latinoam\u00e9rica, por los Premios Latinoam\u00e9rica Verde 2017.","rel":"","context":"In &quot;Blog&quot;","block_context":{"text":"Blog","link":"https:\/\/onesea.org\/en\/category\/blog\/"},"img":{"alt_text":"Premios Latinoam\u00e9rica Verde","src":"https:\/\/i0.wp.com\/onesea.org\/wp-content\/uploads\/2017\/05\/beach-1846040_1920.jpg?fit=1200%2C460&ssl=1&resize=350%2C200","width":350,"height":200,"srcset":"https:\/\/i0.wp.com\/onesea.org\/wp-content\/uploads\/2017\/05\/beach-1846040_1920.jpg?fit=1200%2C460&ssl=1&resize=350%2C200 1x, https:\/\/i0.wp.com\/onesea.org\/wp-content\/uploads\/2017\/05\/beach-1846040_1920.jpg?fit=1200%2C460&ssl=1&resize=525%2C300 1.5x, https:\/\/i0.wp.com\/onesea.org\/wp-content\/uploads\/2017\/05\/beach-1846040_1920.jpg?fit=1200%2C460&ssl=1&resize=700%2C400 2x, https:\/\/i0.wp.com\/onesea.org\/wp-content\/uploads\/2017\/05\/beach-1846040_1920.jpg?fit=1200%2C460&ssl=1&resize=1050%2C600 3x"},"classes":[]},{"id":1342,"url":"https:\/\/onesea.org\/en\/blog\/oceanos-saludables\/consejos-proteger-oceanos\/","url_meta":{"origin":225928,"position":5},"title":"Consejos f\u00e1ciles para proteger los oc\u00e9anos","author":"admin","date":"June 16, 2017","format":false,"excerpt":"Es responsabilidad de cada uno de nosotros tomar acciones y cambiar h\u00e1bitos y dejar de ser uno m\u00e1s del problema de contaminaci\u00f3n en los oc\u00e9anos y los impactos ambientales que esta genera. Tenemos que empezar por informarnos sobre los impactos que ocasionamos y como minimizarlos. Aprenda aqu\u00ed consejos sencillos y\u2026","rel":"","context":"In &quot;Blog&quot;","block_context":{"text":"Blog","link":"https:\/\/onesea.org\/en\/category\/blog\/"},"img":{"alt_text":"Buenas pr\u00e1cticas ambientales","src":"https:\/\/i0.wp.com\/onesea.org\/wp-content\/uploads\/2017\/05\/whales-1149978_1920-e1496336372167.jpg?fit=1200%2C803&ssl=1&resize=350%2C200","width":350,"height":200,"srcset":"https:\/\/i0.wp.com\/onesea.org\/wp-content\/uploads\/2017\/05\/whales-1149978_1920-e1496336372167.jpg?fit=1200%2C803&ssl=1&resize=350%2C200 1x, https:\/\/i0.wp.com\/onesea.org\/wp-content\/uploads\/2017\/05\/whales-1149978_1920-e1496336372167.jpg?fit=1200%2C803&ssl=1&resize=525%2C300 1.5x, https:\/\/i0.wp.com\/onesea.org\/wp-content\/uploads\/2017\/05\/whales-1149978_1920-e1496336372167.jpg?fit=1200%2C803&ssl=1&resize=700%2C400 2x, https:\/\/i0.wp.com\/onesea.org\/wp-content\/uploads\/2017\/05\/whales-1149978_1920-e1496336372167.jpg?fit=1200%2C803&ssl=1&resize=1050%2C600 3x"},"classes":[]}],"_links":{"self":[{"href":"https:\/\/onesea.org\/en\/wp-json\/wp\/v2\/posts\/225928","targetHints":{"allow":["GET"]}}],"collection":[{"href":"https:\/\/onesea.org\/en\/wp-json\/wp\/v2\/posts"}],"about":[{"href":"https:\/\/onesea.org\/en\/wp-json\/wp\/v2\/types\/post"}],"author":[{"embeddable":true,"href":"https:\/\/onesea.org\/en\/wp-json\/wp\/v2\/users\/1"}],"replies":[{"embeddable":true,"href":"https:\/\/onesea.org\/en\/wp-json\/wp\/v2\/comments?post=225928"}],"version-history":[{"count":3,"href":"https:\/\/onesea.org\/en\/wp-json\/wp\/v2\/posts\/225928\/revisions"}],"predecessor-version":[{"id":225934,"href":"https:\/\/onesea.org\/en\/wp-json\/wp\/v2\/posts\/225928\/revisions\/225934"}],"wp:featuredmedia":[{"embeddable":true,"href":"https:\/\/onesea.org\/en\/wp-json\/wp\/v2\/media\/225931"}],"wp:attachment":[{"href":"https:\/\/onesea.org\/en\/wp-json\/wp\/v2\/media?parent=225928"}],"wp:term":[{"taxonomy":"category","embeddable":true,"href":"https:\/\/onesea.org\/en\/wp-json\/wp\/v2\/categories?post=225928"},{"taxonomy":"post_tag","embeddable":true,"href":"https:\/\/onesea.org\/en\/wp-json\/wp\/v2\/tags?post=225928"}],"curies":[{"name":"wp","href":"https:\/\/api.w.org\/{rel}","templated":true}]}}