{"id":225578,"date":"2022-11-18T16:15:53","date_gmt":"2022-11-18T22:15:53","guid":{"rendered":"https:\/\/onesea.org\/?p=225578"},"modified":"2022-11-24T12:55:34","modified_gmt":"2022-11-24T18:55:34","slug":"celebremos-a-las-comunidades-pesqueras-este-21-de-noviembre","status":"publish","type":"post","link":"https:\/\/onesea.org\/en\/blog\/oceanos-saludables\/celebremos-a-las-comunidades-pesqueras-este-21-de-noviembre\/","title":{"rendered":"Celebremos a las comunidades pesqueras este 21 de noviembre"},"content":{"rendered":"[et_pb_section fb_built=&#8221;1&#8243; admin_label=&#8221;section&#8221; _builder_version=&#8221;4.19.0&#8243; background_color=&#8221;rgba(0,0,0,0.64)&#8221; background_image=&#8221;https:\/\/onesea.org\/wp-content\/uploads\/2022\/10\/pescadores-artesanales.jpg&#8221; background_position=&#8221;center_right&#8221; background_blend=&#8221;darken&#8221; custom_padding=&#8221;||0px|&#8221; custom_padding_tablet=&#8221;||0px|&#8221; transparent_background=&#8221;off&#8221; padding_mobile=&#8221;on&#8221; make_fullwidth=&#8221;off&#8221; use_custom_width=&#8221;off&#8221; width_unit=&#8221;on&#8221; global_colors_info=&#8221;{}&#8221;][et_pb_row padding_mobile=&#8221;on&#8221; column_padding_mobile=&#8221;on&#8221; admin_label=&#8221;row&#8221; _builder_version=&#8221;4.16&#8243; background_size=&#8221;initial&#8221; background_position=&#8221;top_left&#8221; background_repeat=&#8221;repeat&#8221; custom_padding=&#8221;||0px|&#8221; make_fullwidth=&#8221;off&#8221; use_custom_width=&#8221;off&#8221; width_unit=&#8221;on&#8221; global_colors_info=&#8221;{}&#8221;][et_pb_column type=&#8221;4_4&#8243; _builder_version=&#8221;4.16&#8243; custom_padding=&#8221;|||&#8221; global_colors_info=&#8221;{}&#8221; custom_padding__hover=&#8221;|||&#8221;][et_pb_text admin_label=&#8221;Text&#8221; _builder_version=&#8221;4.19.0&#8243; text_font=&#8221;PT Serif||||||||&#8221; text_text_color=&#8221;#ffffff&#8221; text_font_size=&#8221;30px&#8221; text_line_height=&#8221;1.2em&#8221; background_size=&#8221;initial&#8221; background_position=&#8221;top_left&#8221; background_repeat=&#8221;repeat&#8221; text_orientation=&#8221;center&#8221; width=&#8221;61%&#8221; module_alignment=&#8221;center&#8221; custom_margin=&#8221;150px||0px|&#8221; custom_padding=&#8221;||0px|&#8221; hover_enabled=&#8221;0&#8243; text_font_tablet=&#8221;&#8221; text_font_phone=&#8221;&#8221; text_font_last_edited=&#8221;on|phone&#8221; text_text_shadow_style=&#8221;preset2&#8243; text_text_shadow_horizontal_length_last_edited=&#8221;off|desktop&#8221; use_border_color=&#8221;off&#8221; border_color=&#8221;#ffffff&#8221; border_style=&#8221;solid&#8221; text_text_align=&#8221;center&#8221; global_colors_info=&#8221;{}&#8221; sticky_enabled=&#8221;0&#8243;]<p><strong>Celebremos a las comunidades pesqueras este 21 de noviembre<\/strong><\/p>[\/et_pb_text][et_pb_text admin_label=&#8221;Text&#8221; _builder_version=&#8221;4.16&#8243; text_font=&#8221;Flood|300|||||||&#8221; text_text_color=&#8221;#f2bf29&#8243; text_font_size=&#8221;50px&#8221; background_color=&#8221;rgba(48,105,140,0.63)&#8221; background_size=&#8221;initial&#8221; background_position=&#8221;top_left&#8221; background_repeat=&#8221;repeat&#8221; text_orientation=&#8221;center&#8221; width=&#8221;41%&#8221; module_alignment=&#8221;center&#8221; custom_margin=&#8221;50px||100px|&#8221; custom_padding=&#8221;||0px|&#8221; text_text_shadow_style=&#8221;preset2&#8243; use_border_color=&#8221;off&#8221; border_color=&#8221;#ffffff&#8221; border_style=&#8221;solid&#8221; text_text_align=&#8221;center&#8221; global_colors_info=&#8221;{}&#8221;]<p style=\"text-align: center;\">Oneblog<\/p>[\/et_pb_text][\/et_pb_column][\/et_pb_row][\/et_pb_section][et_pb_section fb_built=&#8221;1&#8243; admin_label=&#8221;Section&#8221; _builder_version=&#8221;4.16&#8243; background_color=&#8221;#f7f7f4&#8243; custom_padding=&#8221;0px|||&#8221; custom_padding_tablet=&#8221;0px|||&#8221; transparent_background=&#8221;off&#8221; padding_mobile=&#8221;on&#8221; make_fullwidth=&#8221;off&#8221; use_custom_width=&#8221;off&#8221; width_unit=&#8221;on&#8221; global_colors_info=&#8221;{}&#8221;][et_pb_row column_padding_mobile=&#8221;on&#8221; admin_label=&#8221;row&#8221; _builder_version=&#8221;4.16&#8243; background_size=&#8221;initial&#8221; background_position=&#8221;top_left&#8221; background_repeat=&#8221;repeat&#8221; max_width=&#8221;620px&#8221; custom_margin=&#8221;||0px||false|false&#8221; custom_padding=&#8221;0px||0px||false|false&#8221; make_fullwidth=&#8221;off&#8221; use_custom_width=&#8221;on&#8221; width_unit=&#8221;on&#8221; custom_width_px=&#8221;620px&#8221; global_colors_info=&#8221;{}&#8221;][et_pb_column type=&#8221;4_4&#8243; _builder_version=&#8221;4.16&#8243; custom_padding=&#8221;|||&#8221; global_colors_info=&#8221;{}&#8221; custom_padding__hover=&#8221;|||&#8221;][et_pb_image src=&#8221;https:\/\/onesea.org\/wp-content\/uploads\/2019\/09\/IMG_8958.png&#8221; show_bottom_space=&#8221;off&#8221; align=&#8221;center&#8221; align_tablet=&#8221;center&#8221; align_phone=&#8221;&#8221; align_last_edited=&#8221;on|desktop&#8221; admin_label=&#8221;Image&#8221; _builder_version=&#8221;4.16&#8243; width=&#8221;30%&#8221; module_alignment=&#8221;center&#8221; custom_margin=&#8221;-65px||||false|false&#8221; use_border_color=&#8221;off&#8221; border_color=&#8221;#ffffff&#8221; border_style=&#8221;solid&#8221; animation=&#8221;off&#8221; sticky=&#8221;on&#8221; always_center_on_mobile=&#8221;on&#8221; global_colors_info=&#8221;{}&#8221;][\/et_pb_image][et_pb_text admin_label=&#8221;Text&#8221; _builder_version=&#8221;4.16&#8243; text_font=&#8221;PT Sans||||&#8221; text_text_color=&#8221;#323232&#8243; text_font_size=&#8221;18&#8243; text_line_height=&#8221;1.4em&#8221; background_size=&#8221;initial&#8221; background_position=&#8221;top_left&#8221; background_repeat=&#8221;repeat&#8221; text_orientation=&#8221;center&#8221; module_alignment=&#8221;center&#8221; custom_margin=&#8221;14px||0px|&#8221; custom_padding=&#8221;||0px|||&#8221; use_border_color=&#8221;off&#8221; border_color=&#8221;#ffffff&#8221; border_style=&#8221;solid&#8221; global_colors_info=&#8221;{}&#8221;]<p><span style=\"color: #333333;\"><strong>OneBlog<\/strong><\/span>, <span style=\"color: #003366;\">Fundaci\u00f3n OneSea<\/span>, Costa Rica<\/p>[\/et_pb_text][\/et_pb_column][\/et_pb_row][et_pb_row column_structure=&#8221;3_5,2_5&#8243; column_padding_mobile=&#8221;on&#8221; admin_label=&#8221;row&#8221; _builder_version=&#8221;4.16&#8243; background_size=&#8221;initial&#8221; background_position=&#8221;top_left&#8221; background_repeat=&#8221;repeat&#8221; width=&#8221;98.3%&#8221; custom_margin=&#8221;-40px||||false|false&#8221; custom_padding=&#8221;0px||4px||false|false&#8221; make_fullwidth=&#8221;off&#8221; use_custom_width=&#8221;off&#8221; width_unit=&#8221;on&#8221; global_colors_info=&#8221;{}&#8221;][et_pb_column type=&#8221;3_5&#8243; _builder_version=&#8221;4.16&#8243; custom_padding=&#8221;60px||||false|false&#8221; global_colors_info=&#8221;{}&#8221; custom_padding__hover=&#8221;|||&#8221;][et_pb_text _builder_version=&#8221;4.19.0&#8243; text_font=&#8221;Arial||||||||&#8221; text_text_color=&#8221;#000000&#8243; text_font_size=&#8221;16px&#8221; text_line_height=&#8221;1.4em&#8221; text_orientation=&#8221;justified&#8221; custom_margin=&#8221;-4px|||10px|false|false&#8221; custom_padding=&#8221;||0px|||&#8221; global_colors_info=&#8221;{}&#8221;]<p style=\"font-weight: 400;\"><span>Este pr\u00f3ximo 21 de noviembre, se celebra el D\u00eda Mundial de la Pesca, un homenaje a las comunidades pesqueras de todo el mundo, para destacar su importancia en la gesti\u00f3n sostenible de los bienes comunes de nuestros mares. <\/span><\/p>\n<p style=\"font-weight: 400;\"><span>A trav\u00e9s de siglos comunidades costeras e ind\u00edgenas, han hecho de su actividad pesquera parte de su identidad. As\u00ed, la pesca artesanal se ha caracterizado por ser una pr\u00e1ctica que resguarda los saberes de muchas generaciones, que hoy en d\u00eda son piezas fundamentales para el desarrollo sostenible de nuestras costas y oc\u00e9anos.<\/span><\/p>\n<p>&nbsp;<\/p>[\/et_pb_text][et_pb_text admin_label=&#8221;Text&#8221; _builder_version=&#8221;4.19.0&#8243; text_font=&#8221;PT Serif||||||||&#8221; text_text_color=&#8221;#000000&#8243; text_font_size=&#8221;20px&#8221; text_line_height=&#8221;1.3em&#8221; background_size=&#8221;initial&#8221; background_position=&#8221;top_left&#8221; background_repeat=&#8221;repeat&#8221; max_width=&#8221;900px&#8221; custom_margin=&#8221;-35px||18px||false|false&#8221; custom_padding=&#8221;0px||0px||false|false&#8221; text_font_size_tablet=&#8221;&#8221; text_font_size_phone=&#8221;&#8221; text_font_size_last_edited=&#8221;on|tablet&#8221; use_border_color=&#8221;off&#8221; border_color=&#8221;#ffffff&#8221; border_style=&#8221;solid&#8221; global_colors_info=&#8221;{}&#8221;]<p><b>Estado actual de las pesquer\u00edas preocupa en el planeta a expertos<\/b><\/p>[\/et_pb_text][\/et_pb_column][et_pb_column type=&#8221;2_5&#8243; _builder_version=&#8221;4.16&#8243; custom_padding=&#8221;40px||||false|false&#8221; global_colors_info=&#8221;{}&#8221; custom_padding__hover=&#8221;|||&#8221;][et_pb_image src=&#8221;https:\/\/onesea.org\/wp-content\/uploads\/2022\/11\/IMG_0083-scaled.jpeg&#8221; title_text=&#8221;IMG_0083&#8243; _builder_version=&#8221;4.19.0&#8243; _module_preset=&#8221;default&#8221; global_colors_info=&#8221;{}&#8221;][\/et_pb_image][\/et_pb_column][\/et_pb_row][et_pb_row _builder_version=&#8221;4.16&#8243; _module_preset=&#8221;default&#8221; custom_margin=&#8221;-179px|auto||auto||&#8221; custom_padding=&#8221;24px||7px|||&#8221; global_colors_info=&#8221;{}&#8221;][et_pb_column type=&#8221;4_4&#8243; _builder_version=&#8221;4.16&#8243; _module_preset=&#8221;default&#8221; global_colors_info=&#8221;{}&#8221;][et_pb_text _builder_version=&#8221;4.19.0&#8243; text_font=&#8221;Arial||||||||&#8221; text_text_color=&#8221;#000000&#8243; text_font_size=&#8221;16px&#8221; text_line_height=&#8221;1.4em&#8221; header_font=&#8221;PT Serif||||||||&#8221; header_3_font=&#8221;PT Serif||||||||&#8221; header_3_text_color=&#8221;#000000&#8243; text_orientation=&#8221;justified&#8221; width=&#8221;100%&#8221; custom_padding=&#8221;0px|||0px||&#8221; global_colors_info=&#8221;{}&#8221;]<p style=\"font-weight: 400;\"><span>Este d\u00eda tiene su origen en 1997, con la celebraci\u00f3n del primer \u201cForo Mundial de Consorcios de Pesca\u201d. Dicho evento signific\u00f3 la construcci\u00f3n y firma de un documento de est\u00e1ndares para las artes de pesca y as\u00ed, atender los objetivos de desarrollo sostenible, por la creciente preocupaci\u00f3n sobre el equilibrio ambiental. Esto ha conllevado al consenso internacional de las acciones, pr\u00e1cticas y pol\u00edticas de desarrollo, que buscan hacer de la pesca una norma, un medio de comercio lucrativo y un modo de vida sostenible. <\/span><\/p>\n<p style=\"font-weight: 400;\"><span>Ante el contexto de crisis ambiental, los ecosistemas marinos y sus recursos han tenido alarmantes proyecciones sobre el futuro de su ecolog\u00eda. Un reciente <a href=\"https:\/\/www.fao.org\/publications\/sofia\/2022\/es\/\">estudio<\/a> de las Naciones Unidas inform\u00f3 de que m\u00e1s de dos tercios de las pesquer\u00edas del mundo han sido sobreexplotadas o est\u00e1n totalmente explotadas y m\u00e1s de un tercio est\u00e1n en estado de declive, debido a factores como la p\u00e9rdida de h\u00e1bitats esenciales para los peces, la contaminaci\u00f3n y el cambio clim\u00e1tico.<\/span><\/p>\n<p style=\"font-weight: 400;\"><span>En todo el planeta, 40 millones de personas participan directamente en la pesca de captura, esta cifra se eleva a 120 millones si tambi\u00e9n se tienen en cuenta los trabajadores contratados indirectamente. De ellos, el 90% del total son pescadores a peque\u00f1a escala y trabajadores de la pesca y casi el 50% son <a href=\"https:\/\/onesea.org\/en\/blog\/noticias-ambientales\/no-es-posible-afrontar-la-crisis-climatica-sin-las-mujeres\/\">mujeres<\/a>.<\/span><\/p>\n<p style=\"font-weight: 400;\"><span>Seg\u00fan datos de la FAO, en Costa Rica para el 2017 la flota pesquera rondaba las 1.912 embarcaciones, generando unos 15.184 empleos y con una contribuci\u00f3n alimentaria a la medida de consumo de pescado por habitante de 17kg anuales. Sin embargo, estas cifras responden previo a la pandemia, por lo que estos n\u00fameros se han visto modificados. <\/span><\/p>\n<p style=\"font-weight: 400;\"><span>Para Paula Barbeito, coordinadora de la campa\u00f1a <a href=\"https:\/\/www.slowfood.com\/what-we-do\/themes\/slow-fish\/\">Slow Fish<\/a>, las pesquer\u00edas del planeta se encuentran amenazadas, la reproducci\u00f3n de algas verdeazules en los oc\u00e9anos, los vertidos de petr\u00f3leo, la invasi\u00f3n de pl\u00e1sticos y los productos qu\u00edmicos t\u00f3xicos, est\u00e1n atentando con la supervivencia de la industria y de las identidades de muchas personas dedicadas a dicha actividad. <\/span><\/p>\n<p><span style=\"font-weight: 400;\">As\u00ed, nuestras comunidades costeras se encuentran en una situaci\u00f3n cr\u00edtica. Los ecosistemas est\u00e1n cambiando m\u00e1s r\u00e1pido que en ning\u00fan otro momento de la historia, las pol\u00edticas de privatizaci\u00f3n de los bienes marinos est\u00e1n muy extendidas y el p\u00fablico est\u00e1 completamente desconectado de los productos del mar y de los pescadores que los producen, a pesar de que estos \u00faltimos est\u00e1n al frente de dicha crisis. Una gesti\u00f3n proactiva y adecuada de estos factores, puede equilibrar las\u00a0<\/span><span>condiciones en las que la pesca sostenible prospere y logr\u00e9 sobrevivir.<\/span><\/p>\n<p><span><\/span><\/p>\n<p><span><\/span><\/p>\n<p><span><\/span><\/p>[\/et_pb_text][et_pb_text admin_label=&#8221;Text&#8221; _builder_version=&#8221;4.19.0&#8243; text_font=&#8221;PT Serif||||||||&#8221; text_text_color=&#8221;#000000&#8243; text_font_size=&#8221;20px&#8221; text_line_height=&#8221;1.3em&#8221; background_size=&#8221;initial&#8221; background_position=&#8221;top_left&#8221; background_repeat=&#8221;repeat&#8221; max_width=&#8221;900px&#8221; custom_margin=&#8221;-35px||18px||false|false&#8221; custom_padding=&#8221;0px||0px||false|false&#8221; text_font_size_tablet=&#8221;&#8221; text_font_size_phone=&#8221;&#8221; text_font_size_last_edited=&#8221;on|tablet&#8221; use_border_color=&#8221;off&#8221; border_color=&#8221;#ffffff&#8221; border_style=&#8221;solid&#8221; global_colors_info=&#8221;{}&#8221;]<p><b>Todos juntos por una pesca sostenible<\/b><\/p>[\/et_pb_text][et_pb_text _builder_version=&#8221;4.19.0&#8243; text_font=&#8221;Arial||||||||&#8221; text_text_color=&#8221;#000000&#8243; text_font_size=&#8221;16px&#8221; text_line_height=&#8221;1.4em&#8221; header_font=&#8221;PT Serif||||||||&#8221; header_3_font=&#8221;PT Serif||||||||&#8221; header_3_text_color=&#8221;#000000&#8243; text_orientation=&#8221;justified&#8221; width=&#8221;100%&#8221; custom_padding=&#8221;0px|||0px||&#8221; global_colors_info=&#8221;{}&#8221;]<p style=\"font-weight: 400;\"><span>Hoy, la colectividad es la mejor herramienta para afrontar los problemas ambientales. El D\u00eda Mundial de la Pesca nos ayuda a poner de manifiesto la situaci\u00f3n actual de los mares y a avanzar en la b\u00fasqueda de soluciones. <\/span><\/p>\n<p style=\"font-weight: 400;\"><span>Desde OneSea sabemos que nuestras realidades est\u00e1n cada vez m\u00e1s interconectadas, ya estemos en las ciudades, las monta\u00f1as, las playas o los bosques, cada acci\u00f3n en nuestras vidas afecta las pesquer\u00edas de nuestro planeta.<\/span><\/p>\n<p style=\"font-weight: 400;\"><span>Por esto te invitamos el pr\u00f3ximo lunes 21 a reflexionar sobre esta problem\u00e1tica a la que nos enfrentamos y realizar acciones que est\u00e9n en pro de las pesquer\u00edas y comunidades de pesca sostenible. <\/span><\/p>\n<p style=\"font-weight: 400;\"><strong><span>\u00a1Declaremos ya #pazparalosoceanos y se un Oc\u00e9ano Defensor m\u00e1s! <\/span><\/strong><\/p>\n<p><span><\/span><\/p>\n<p><span><\/span><\/p>\n<p><span><\/span><\/p>[\/et_pb_text][\/et_pb_column][\/et_pb_row][\/et_pb_section][et_pb_section fb_built=&#8221;1&#8243; admin_label=&#8221;Section&#8221; _builder_version=&#8221;4.16&#8243; custom_margin=&#8221;-20px||||false|false&#8221; custom_padding=&#8221;10px||||false|false&#8221; global_colors_info=&#8221;{}&#8221;][et_pb_row padding_mobile=&#8221;off&#8221; column_padding_mobile=&#8221;on&#8221; admin_label=&#8221;Row&#8221; _builder_version=&#8221;4.16&#8243; background_size=&#8221;initial&#8221; background_position=&#8221;top_left&#8221; background_repeat=&#8221;repeat&#8221; max_width=&#8221;780px&#8221; make_fullwidth=&#8221;off&#8221; use_custom_width=&#8221;on&#8221; width_unit=&#8221;on&#8221; custom_width_px=&#8221;780px&#8221; global_colors_info=&#8221;{}&#8221;][et_pb_column type=&#8221;4_4&#8243; _builder_version=&#8221;4.16&#8243; custom_padding=&#8221;|||&#8221; global_colors_info=&#8221;{}&#8221; custom_padding__hover=&#8221;|||&#8221;][et_pb_text admin_label=&#8221;Text&#8221; _builder_version=&#8221;4.16&#8243; text_font=&#8221;PT Serif||||&#8221; text_text_color=&#8221;#363636&#8243; text_font_size=&#8221;36&#8243; text_line_height=&#8221;1.4em&#8221; background_size=&#8221;initial&#8221; background_position=&#8221;top_left&#8221; background_repeat=&#8221;repeat&#8221; text_orientation=&#8221;center&#8221; module_alignment=&#8221;center&#8221; custom_margin=&#8221;||70px|&#8221; text_font_size_tablet=&#8221;26&#8243; text_font_size_phone=&#8221;&#8221; text_font_size_last_edited=&#8221;on|tablet&#8221; use_border_color=&#8221;off&#8221; border_color=&#8221;#ffffff&#8221; border_style=&#8221;solid&#8221; global_colors_info=&#8221;{}&#8221;]<p><span>\u00a1Suscr\u00edbete a OneBlog! \u00a1Noticias, informaci\u00f3n, educaci\u00f3n y m\u00e1s!<\/span><\/p>\n<div><\/div>[\/et_pb_text][et_pb_contact_form captcha=&#8221;off&#8221; admin_label=&#8221;Contact Form&#8221; _builder_version=&#8221;4.16&#8243; _unique_id=&#8221;90178498-06a9-463f-9f4d-d6b1356e88cb&#8221; custom_button=&#8221;on&#8221; button_text_color=&#8221;#ffffff&#8221; button_bg_color=&#8221;#02b875&#8243; button_border_width=&#8221;8&#8243; button_border_color=&#8221;#02b875&#8243; button_border_radius=&#8221;4&#8243; border_radii=&#8221;on|0px|0px|0px|0px&#8221; use_border_color=&#8221;off&#8221; border_color=&#8221;#ffffff&#8221; border_style=&#8221;solid&#8221; input_border_radius=&#8221;0&#8243; global_colors_info=&#8221;{}&#8221;][et_pb_contact_field field_id=&#8221;E-mail_Address&#8221; field_title=&#8221;E-mail Address&#8221; _builder_version=&#8221;4.16&#8243; form_field_background_color=&#8221;rgba(0,0,0,0)&#8221; form_field_text_color=&#8221;#adadab&#8221; form_field_font=&#8221;PT Sans||||&#8221; form_field_font_size=&#8221;20&#8243; form_field_line_height=&#8221;1.4em&#8221; form_field_font_size_tablet=&#8221;20&#8243; form_field_font_size_phone=&#8221;20&#8243; form_field_line_height_tablet=&#8221;1.4em&#8221; form_field_line_height_phone=&#8221;1.4em&#8221; custom_css_main_element=&#8221;height:64px;&#8221; border_width_all=&#8221;1&#8243; border_color_all=&#8221;#adadab&#8221; border_style_all=&#8221;solid&#8221; use_border_color=&#8221;on&#8221; border_color=&#8221;#adadab&#8221; border_width=&#8221;1&#8243; border_style=&#8221;solid&#8221; field_background_color=&#8221;rgba(0,0,0,0)&#8221; global_colors_info=&#8221;{}&#8221; button_text_size__hover_enabled=&#8221;off&#8221; button_one_text_size__hover_enabled=&#8221;off&#8221; button_two_text_size__hover_enabled=&#8221;off&#8221; button_text_color__hover_enabled=&#8221;off&#8221; button_one_text_color__hover_enabled=&#8221;off&#8221; button_two_text_color__hover_enabled=&#8221;off&#8221; button_border_width__hover_enabled=&#8221;off&#8221; button_one_border_width__hover_enabled=&#8221;off&#8221; button_two_border_width__hover_enabled=&#8221;off&#8221; button_border_color__hover_enabled=&#8221;off&#8221; button_one_border_color__hover_enabled=&#8221;off&#8221; button_two_border_color__hover_enabled=&#8221;off&#8221; button_border_radius__hover_enabled=&#8221;off&#8221; button_one_border_radius__hover_enabled=&#8221;off&#8221; button_two_border_radius__hover_enabled=&#8221;off&#8221; button_letter_spacing__hover_enabled=&#8221;off&#8221; button_one_letter_spacing__hover_enabled=&#8221;off&#8221; button_two_letter_spacing__hover_enabled=&#8221;off&#8221; button_bg_color__hover_enabled=&#8221;off&#8221; button_one_bg_color__hover_enabled=&#8221;off&#8221; button_two_bg_color__hover_enabled=&#8221;off&#8221;][\/et_pb_contact_field][et_pb_contact_field field_id=&#8221;First Name&#8221; field_title=&#8221;First Name&#8221; _builder_version=&#8221;4.16&#8243; form_field_background_color=&#8221;rgba(0,0,0,0)&#8221; form_field_text_color=&#8221;#adadab&#8221; form_field_font=&#8221;PT Sans||||&#8221; form_field_font_size=&#8221;20&#8243; form_field_line_height=&#8221;1.4em&#8221; form_field_font_size_tablet=&#8221;20&#8243; form_field_font_size_phone=&#8221;20&#8243; form_field_line_height_tablet=&#8221;1.4em&#8221; form_field_line_height_phone=&#8221;1.4em&#8221; custom_css_main_element=&#8221;height:64px;&#8221; border_width_all=&#8221;1&#8243; border_color_all=&#8221;#adadab&#8221; border_style_all=&#8221;solid&#8221; use_border_color=&#8221;on&#8221; border_color=&#8221;#adadab&#8221; border_width=&#8221;1&#8243; border_style=&#8221;solid&#8221; field_background_color=&#8221;rgba(0,0,0,0)&#8221; global_colors_info=&#8221;{}&#8221; button_text_size__hover_enabled=&#8221;off&#8221; button_one_text_size__hover_enabled=&#8221;off&#8221; button_two_text_size__hover_enabled=&#8221;off&#8221; button_text_color__hover_enabled=&#8221;off&#8221; button_one_text_color__hover_enabled=&#8221;off&#8221; button_two_text_color__hover_enabled=&#8221;off&#8221; button_border_width__hover_enabled=&#8221;off&#8221; button_one_border_width__hover_enabled=&#8221;off&#8221; button_two_border_width__hover_enabled=&#8221;off&#8221; button_border_color__hover_enabled=&#8221;off&#8221; button_one_border_color__hover_enabled=&#8221;off&#8221; button_two_border_color__hover_enabled=&#8221;off&#8221; button_border_radius__hover_enabled=&#8221;off&#8221; button_one_border_radius__hover_enabled=&#8221;off&#8221; button_two_border_radius__hover_enabled=&#8221;off&#8221; button_letter_spacing__hover_enabled=&#8221;off&#8221; button_one_letter_spacing__hover_enabled=&#8221;off&#8221; button_two_letter_spacing__hover_enabled=&#8221;off&#8221; button_bg_color__hover_enabled=&#8221;off&#8221; button_one_bg_color__hover_enabled=&#8221;off&#8221; button_two_bg_color__hover_enabled=&#8221;off&#8221;][\/et_pb_contact_field][\/et_pb_contact_form][\/et_pb_column][\/et_pb_row][\/et_pb_section]","protected":false},"excerpt":{"rendered":"<p>Celebremos a las comunidades pesqueras este 21 de noviembreOneblogOneBlog, Fundaci\u00f3n OneSea, Costa RicaEste pr\u00f3ximo 21 de noviembre, se celebra el D\u00eda Mundial de la Pesca, un homenaje a las comunidades pesqueras de todo el mundo, para destacar su importancia en la gesti\u00f3n sostenible de los bienes comunes de nuestros mares. A trav\u00e9s de siglos comunidades [&hellip;]<\/p>","protected":false},"author":1,"featured_media":225502,"comment_status":"open","ping_status":"open","sticky":false,"template":"","format":"standard","meta":{"_et_pb_use_builder":"on","_et_pb_old_content":"","_et_gb_content_width":"2880","footnotes":""},"categories":[15,676,6,1,700],"tags":[746,190,150],"class_list":["post-225578","post","type-post","status-publish","format-standard","has-post-thumbnail","hentry","category-blog","category-comunicados","category-noticias-ambientales","category-oceanos-saludables","category-posiciones","tag-dia-mundial-de-la-pesca","tag-pesca-sostenible","tag-proteccion-ambiental"],"jetpack_sharing_enabled":true,"jetpack_featured_media_url":"https:\/\/i0.wp.com\/onesea.org\/wp-content\/uploads\/2022\/10\/pescadores-artesanales.jpg?fit=640%2C410&ssl=1","jetpack-related-posts":[{"id":225991,"url":"https:\/\/onesea.org\/en\/blog\/oceanos-saludables\/proyecto-de-ley-de-onesea-y-diputados-de-pln-busca-contrarrestar-los-impactos-ambientales-de-las-artes-de-pesca-fantasma\/","url_meta":{"origin":225578,"position":0},"title":"Proyecto de ley de OneSea y diputados de PLN busca contrarrestar los impactos ambientales de las artes de pesca fantasma","author":"admin","date":"February 28, 2023","format":false,"excerpt":"","rel":"","context":"In &quot;Blog&quot;","block_context":{"text":"Blog","link":"https:\/\/onesea.org\/en\/category\/blog\/"},"img":{"alt_text":"","src":"https:\/\/i0.wp.com\/onesea.org\/wp-content\/uploads\/2023\/03\/Ghost-Net-Lead.jpg?fit=1000%2C666&ssl=1&resize=350%2C200","width":350,"height":200,"srcset":"https:\/\/i0.wp.com\/onesea.org\/wp-content\/uploads\/2023\/03\/Ghost-Net-Lead.jpg?fit=1000%2C666&ssl=1&resize=350%2C200 1x, https:\/\/i0.wp.com\/onesea.org\/wp-content\/uploads\/2023\/03\/Ghost-Net-Lead.jpg?fit=1000%2C666&ssl=1&resize=525%2C300 1.5x, https:\/\/i0.wp.com\/onesea.org\/wp-content\/uploads\/2023\/03\/Ghost-Net-Lead.jpg?fit=1000%2C666&ssl=1&resize=700%2C400 2x"},"classes":[]},{"id":224083,"url":"https:\/\/onesea.org\/en\/comunicados\/comunicado-pesca-de-arrastre\/","url_meta":{"origin":225578,"position":1},"title":"Comunicado &#8211; Pesca de Arrastre","author":"admin","date":"October 26, 2020","format":false,"excerpt":"","rel":"","context":"In &quot;Comunicados&quot;","block_context":{"text":"Comunicados","link":"https:\/\/onesea.org\/en\/category\/comunicados\/"},"img":{"alt_text":"","src":"https:\/\/i0.wp.com\/onesea.org\/wp-content\/uploads\/2020\/10\/congreso.jpg?fit=768%2C512&ssl=1&resize=350%2C200","width":350,"height":200,"srcset":"https:\/\/i0.wp.com\/onesea.org\/wp-content\/uploads\/2020\/10\/congreso.jpg?fit=768%2C512&ssl=1&resize=350%2C200 1x, https:\/\/i0.wp.com\/onesea.org\/wp-content\/uploads\/2020\/10\/congreso.jpg?fit=768%2C512&ssl=1&resize=525%2C300 1.5x, https:\/\/i0.wp.com\/onesea.org\/wp-content\/uploads\/2020\/10\/congreso.jpg?fit=768%2C512&ssl=1&resize=700%2C400 2x"},"classes":[]},{"id":225102,"url":"https:\/\/onesea.org\/en\/blog\/oceanos-saludables\/redes-de-pesca-fantasma-una-amenaza-invisible-a-la-biodiversidad\/","url_meta":{"origin":225578,"position":2},"title":"Redes de pesca fantasma: una amenaza invisible a la biodiversidad","author":"Fabian","date":"July 8, 2022","format":false,"excerpt":"","rel":"","context":"In &quot;Blog&quot;","block_context":{"text":"Blog","link":"https:\/\/onesea.org\/en\/category\/blog\/"},"img":{"alt_text":"","src":"https:\/\/i0.wp.com\/onesea.org\/wp-content\/uploads\/2022\/07\/Mart_new.jpg?fit=1200%2C676&ssl=1&resize=350%2C200","width":350,"height":200,"srcset":"https:\/\/i0.wp.com\/onesea.org\/wp-content\/uploads\/2022\/07\/Mart_new.jpg?fit=1200%2C676&ssl=1&resize=350%2C200 1x, https:\/\/i0.wp.com\/onesea.org\/wp-content\/uploads\/2022\/07\/Mart_new.jpg?fit=1200%2C676&ssl=1&resize=525%2C300 1.5x, https:\/\/i0.wp.com\/onesea.org\/wp-content\/uploads\/2022\/07\/Mart_new.jpg?fit=1200%2C676&ssl=1&resize=700%2C400 2x, https:\/\/i0.wp.com\/onesea.org\/wp-content\/uploads\/2022\/07\/Mart_new.jpg?fit=1200%2C676&ssl=1&resize=1050%2C600 3x"},"classes":[]},{"id":226090,"url":"https:\/\/onesea.org\/en\/blog\/oceanos-saludables\/costa-rica-da-inicio-a-estudios-para-la-reactivacion-de-la-pesca-de-arrastre\/","url_meta":{"origin":225578,"position":3},"title":"Costa Rica da inicio a estudios para la reactivaci\u00f3n de la pesca de arrastre","author":"admin","date":"March 28, 2023","format":false,"excerpt":"","rel":"","context":"In &quot;Blog&quot;","block_context":{"text":"Blog","link":"https:\/\/onesea.org\/en\/category\/blog\/"},"img":{"alt_text":"","src":"https:\/\/i0.wp.com\/onesea.org\/wp-content\/uploads\/2023\/03\/Typical-commercial-shrimp-trawler-from-Costa-Rica-Central-America.png?fit=850%2C584&ssl=1&resize=350%2C200","width":350,"height":200,"srcset":"https:\/\/i0.wp.com\/onesea.org\/wp-content\/uploads\/2023\/03\/Typical-commercial-shrimp-trawler-from-Costa-Rica-Central-America.png?fit=850%2C584&ssl=1&resize=350%2C200 1x, https:\/\/i0.wp.com\/onesea.org\/wp-content\/uploads\/2023\/03\/Typical-commercial-shrimp-trawler-from-Costa-Rica-Central-America.png?fit=850%2C584&ssl=1&resize=525%2C300 1.5x, https:\/\/i0.wp.com\/onesea.org\/wp-content\/uploads\/2023\/03\/Typical-commercial-shrimp-trawler-from-Costa-Rica-Central-America.png?fit=850%2C584&ssl=1&resize=700%2C400 2x"},"classes":[]},{"id":224046,"url":"https:\/\/onesea.org\/en\/comunicados\/la-pesca-de-arrastre-a-nadie-beneficia\/","url_meta":{"origin":225578,"position":4},"title":"La Pesca de Arrastre a Nadie Beneficia","author":"admin","date":"October 20, 2020","format":false,"excerpt":"","rel":"","context":"In &quot;Comunicados&quot;","block_context":{"text":"Comunicados","link":"https:\/\/onesea.org\/en\/category\/comunicados\/"},"img":{"alt_text":"","src":"https:\/\/i0.wp.com\/onesea.org\/wp-content\/uploads\/2020\/10\/pescadoressss.jpg?fit=1200%2C675&ssl=1&resize=350%2C200","width":350,"height":200,"srcset":"https:\/\/i0.wp.com\/onesea.org\/wp-content\/uploads\/2020\/10\/pescadoressss.jpg?fit=1200%2C675&ssl=1&resize=350%2C200 1x, https:\/\/i0.wp.com\/onesea.org\/wp-content\/uploads\/2020\/10\/pescadoressss.jpg?fit=1200%2C675&ssl=1&resize=525%2C300 1.5x, https:\/\/i0.wp.com\/onesea.org\/wp-content\/uploads\/2020\/10\/pescadoressss.jpg?fit=1200%2C675&ssl=1&resize=700%2C400 2x, https:\/\/i0.wp.com\/onesea.org\/wp-content\/uploads\/2020\/10\/pescadoressss.jpg?fit=1200%2C675&ssl=1&resize=1050%2C600 3x"},"classes":[]},{"id":225977,"url":"https:\/\/onesea.org\/en\/blog\/oceanos-saludables\/organizaciones-denuncian-a-costa-rica-por-practicas-de-pesca-ilegal\/","url_meta":{"origin":225578,"position":5},"title":"Organizaciones denuncian a Costa Rica por pr\u00e1cticas de pesca ilegal","author":"admin","date":"February 21, 2023","format":false,"excerpt":"","rel":"","context":"In &quot;Blog&quot;","block_context":{"text":"Blog","link":"https:\/\/onesea.org\/en\/category\/blog\/"},"img":{"alt_text":"","src":"https:\/\/i0.wp.com\/onesea.org\/wp-content\/uploads\/2023\/02\/170315tuna1.jpg?fit=1200%2C776&ssl=1&resize=350%2C200","width":350,"height":200,"srcset":"https:\/\/i0.wp.com\/onesea.org\/wp-content\/uploads\/2023\/02\/170315tuna1.jpg?fit=1200%2C776&ssl=1&resize=350%2C200 1x, https:\/\/i0.wp.com\/onesea.org\/wp-content\/uploads\/2023\/02\/170315tuna1.jpg?fit=1200%2C776&ssl=1&resize=525%2C300 1.5x, https:\/\/i0.wp.com\/onesea.org\/wp-content\/uploads\/2023\/02\/170315tuna1.jpg?fit=1200%2C776&ssl=1&resize=700%2C400 2x, https:\/\/i0.wp.com\/onesea.org\/wp-content\/uploads\/2023\/02\/170315tuna1.jpg?fit=1200%2C776&ssl=1&resize=1050%2C600 3x"},"classes":[]}],"_links":{"self":[{"href":"https:\/\/onesea.org\/en\/wp-json\/wp\/v2\/posts\/225578","targetHints":{"allow":["GET"]}}],"collection":[{"href":"https:\/\/onesea.org\/en\/wp-json\/wp\/v2\/posts"}],"about":[{"href":"https:\/\/onesea.org\/en\/wp-json\/wp\/v2\/types\/post"}],"author":[{"embeddable":true,"href":"https:\/\/onesea.org\/en\/wp-json\/wp\/v2\/users\/1"}],"replies":[{"embeddable":true,"href":"https:\/\/onesea.org\/en\/wp-json\/wp\/v2\/comments?post=225578"}],"version-history":[{"count":6,"href":"https:\/\/onesea.org\/en\/wp-json\/wp\/v2\/posts\/225578\/revisions"}],"predecessor-version":[{"id":225612,"href":"https:\/\/onesea.org\/en\/wp-json\/wp\/v2\/posts\/225578\/revisions\/225612"}],"wp:featuredmedia":[{"embeddable":true,"href":"https:\/\/onesea.org\/en\/wp-json\/wp\/v2\/media\/225502"}],"wp:attachment":[{"href":"https:\/\/onesea.org\/en\/wp-json\/wp\/v2\/media?parent=225578"}],"wp:term":[{"taxonomy":"category","embeddable":true,"href":"https:\/\/onesea.org\/en\/wp-json\/wp\/v2\/categories?post=225578"},{"taxonomy":"post_tag","embeddable":true,"href":"https:\/\/onesea.org\/en\/wp-json\/wp\/v2\/tags?post=225578"}],"curies":[{"name":"wp","href":"https:\/\/api.w.org\/{rel}","templated":true}]}}