{"id":225067,"date":"2022-05-04T11:00:00","date_gmt":"2022-05-04T17:00:00","guid":{"rendered":"https:\/\/onesea.org\/?p=225067"},"modified":"2022-06-09T12:02:48","modified_gmt":"2022-06-09T18:02:48","slug":"costa-rica-lanza-su-plan-nacional-de-adaptacion-al-cambio-climatico","status":"publish","type":"post","link":"https:\/\/onesea.org\/en\/blog\/oceanos-saludables\/costa-rica-lanza-su-plan-nacional-de-adaptacion-al-cambio-climatico\/","title":{"rendered":"Costa Rica lanza su Plan Nacional de Adaptaci\u00f3n al Cambio Clim\u00e1tico"},"content":{"rendered":"[et_pb_section fb_built=&#8221;1&#8243; admin_label=&#8221;section&#8221; _builder_version=&#8221;4.17.4&#8243; background_color=&#8221;rgba(0,0,0,0.64)&#8221; background_image=&#8221;https:\/\/onesea.org\/wp-content\/uploads\/2022\/06\/Costa-Rica-zona-verde-lqsomos.jpg&#8221; background_position=&#8221;center_right&#8221; background_blend=&#8221;darken&#8221; custom_padding=&#8221;||0px|&#8221; custom_padding_tablet=&#8221;||0px|&#8221; hover_enabled=&#8221;0&#8243; transparent_background=&#8221;off&#8221; padding_mobile=&#8221;on&#8221; make_fullwidth=&#8221;off&#8221; use_custom_width=&#8221;off&#8221; width_unit=&#8221;on&#8221; global_colors_info=&#8221;{}&#8221; title_text=&#8221;Costa-Rica-zona-verde-lqsomos&#8221; sticky_enabled=&#8221;0&#8243;][et_pb_row padding_mobile=&#8221;on&#8221; column_padding_mobile=&#8221;on&#8221; admin_label=&#8221;row&#8221; _builder_version=&#8221;4.16&#8243; background_size=&#8221;initial&#8221; background_position=&#8221;top_left&#8221; background_repeat=&#8221;repeat&#8221; custom_padding=&#8221;||0px|&#8221; make_fullwidth=&#8221;off&#8221; use_custom_width=&#8221;off&#8221; width_unit=&#8221;on&#8221; global_colors_info=&#8221;{}&#8221;][et_pb_column type=&#8221;4_4&#8243; _builder_version=&#8221;4.16&#8243; custom_padding=&#8221;|||&#8221; global_colors_info=&#8221;{}&#8221; custom_padding__hover=&#8221;|||&#8221;][et_pb_text admin_label=&#8221;Text&#8221; _builder_version=&#8221;4.17.4&#8243; text_font=&#8221;PT Serif||||||||&#8221; text_text_color=&#8221;#ffffff&#8221; text_font_size=&#8221;30px&#8221; text_line_height=&#8221;1.2em&#8221; background_size=&#8221;initial&#8221; background_position=&#8221;top_left&#8221; background_repeat=&#8221;repeat&#8221; text_orientation=&#8221;center&#8221; width=&#8221;61%&#8221; module_alignment=&#8221;center&#8221; custom_margin=&#8221;150px||0px|&#8221; custom_padding=&#8221;||0px|&#8221; hover_enabled=&#8221;0&#8243; text_font_tablet=&#8221;&#8221; text_font_phone=&#8221;&#8221; text_font_last_edited=&#8221;on|phone&#8221; text_text_shadow_style=&#8221;preset2&#8243; text_text_shadow_horizontal_length_last_edited=&#8221;off|desktop&#8221; use_border_color=&#8221;off&#8221; border_color=&#8221;#ffffff&#8221; border_style=&#8221;solid&#8221; text_text_align=&#8221;center&#8221; global_colors_info=&#8221;{}&#8221; sticky_enabled=&#8221;0&#8243;]<p>Costa Rica lanza su Plan Nacional de Adaptaci\u00f3n al Cambio Clim\u00e1tico<\/p>[\/et_pb_text][et_pb_text admin_label=&#8221;Text&#8221; _builder_version=&#8221;4.16&#8243; text_font=&#8221;Flood|300|||||||&#8221; text_text_color=&#8221;#f2bf29&#8243; text_font_size=&#8221;50px&#8221; background_color=&#8221;rgba(48,105,140,0.63)&#8221; background_size=&#8221;initial&#8221; background_position=&#8221;top_left&#8221; background_repeat=&#8221;repeat&#8221; text_orientation=&#8221;center&#8221; width=&#8221;41%&#8221; module_alignment=&#8221;center&#8221; custom_margin=&#8221;50px||100px|&#8221; custom_padding=&#8221;||0px|&#8221; text_text_shadow_style=&#8221;preset2&#8243; use_border_color=&#8221;off&#8221; border_color=&#8221;#ffffff&#8221; border_style=&#8221;solid&#8221; text_text_align=&#8221;center&#8221; global_colors_info=&#8221;{}&#8221;]<p style=\"text-align: center;\">Oneblog<\/p>[\/et_pb_text][\/et_pb_column][\/et_pb_row][\/et_pb_section][et_pb_section fb_built=&#8221;1&#8243; admin_label=&#8221;Section&#8221; _builder_version=&#8221;4.16&#8243; background_color=&#8221;#f7f7f4&#8243; custom_padding=&#8221;0px|||&#8221; custom_padding_tablet=&#8221;0px|||&#8221; transparent_background=&#8221;off&#8221; padding_mobile=&#8221;on&#8221; make_fullwidth=&#8221;off&#8221; use_custom_width=&#8221;off&#8221; width_unit=&#8221;on&#8221; global_colors_info=&#8221;{}&#8221;][et_pb_row column_padding_mobile=&#8221;on&#8221; admin_label=&#8221;row&#8221; _builder_version=&#8221;4.16&#8243; background_size=&#8221;initial&#8221; background_position=&#8221;top_left&#8221; background_repeat=&#8221;repeat&#8221; max_width=&#8221;620px&#8221; custom_margin=&#8221;||0px||false|false&#8221; custom_padding=&#8221;0px||0px||false|false&#8221; make_fullwidth=&#8221;off&#8221; use_custom_width=&#8221;on&#8221; width_unit=&#8221;on&#8221; custom_width_px=&#8221;620px&#8221; global_colors_info=&#8221;{}&#8221;][et_pb_column type=&#8221;4_4&#8243; _builder_version=&#8221;4.16&#8243; custom_padding=&#8221;|||&#8221; global_colors_info=&#8221;{}&#8221; custom_padding__hover=&#8221;|||&#8221;][et_pb_image src=&#8221;https:\/\/onesea.org\/wp-content\/uploads\/2019\/09\/IMG_8958.png&#8221; show_bottom_space=&#8221;off&#8221; align=&#8221;center&#8221; align_tablet=&#8221;center&#8221; align_phone=&#8221;&#8221; align_last_edited=&#8221;on|desktop&#8221; admin_label=&#8221;Image&#8221; _builder_version=&#8221;4.16&#8243; width=&#8221;30%&#8221; module_alignment=&#8221;center&#8221; custom_margin=&#8221;-65px||||false|false&#8221; use_border_color=&#8221;off&#8221; border_color=&#8221;#ffffff&#8221; border_style=&#8221;solid&#8221; animation=&#8221;off&#8221; sticky=&#8221;on&#8221; always_center_on_mobile=&#8221;on&#8221; global_colors_info=&#8221;{}&#8221;][\/et_pb_image][et_pb_text admin_label=&#8221;Text&#8221; _builder_version=&#8221;4.16&#8243; text_font=&#8221;PT Sans||||&#8221; text_text_color=&#8221;#323232&#8243; text_font_size=&#8221;18&#8243; text_line_height=&#8221;1.4em&#8221; background_size=&#8221;initial&#8221; background_position=&#8221;top_left&#8221; background_repeat=&#8221;repeat&#8221; text_orientation=&#8221;center&#8221; module_alignment=&#8221;center&#8221; custom_margin=&#8221;14px||0px|&#8221; custom_padding=&#8221;||0px|||&#8221; use_border_color=&#8221;off&#8221; border_color=&#8221;#ffffff&#8221; border_style=&#8221;solid&#8221; global_colors_info=&#8221;{}&#8221;]<p><span style=\"color: #333333;\"><strong>OneBlog<\/strong><\/span>, <span style=\"color: #003366;\">Fundaci\u00f3n OneSea<\/span>, Costa Rica<\/p>[\/et_pb_text][\/et_pb_column][\/et_pb_row][et_pb_row _builder_version=&#8221;4.17.4&#8243; _module_preset=&#8221;default&#8221; global_colors_info=&#8221;{}&#8221;][et_pb_column type=&#8221;4_4&#8243; _builder_version=&#8221;4.17.4&#8243; _module_preset=&#8221;default&#8221; global_colors_info=&#8221;{}&#8221;][et_pb_text _builder_version=&#8221;4.17.4&#8243; _module_preset=&#8221;default&#8221; text_font=&#8221;Arial||||||||&#8221; text_text_color=&#8221;#000000&#8243; text_font_size=&#8221;16px&#8221; text_line_height=&#8221;1.4em&#8221; hover_enabled=&#8221;0&#8243; global_colors_info=&#8221;{}&#8221; sticky_enabled=&#8221;0&#8243;]<p style=\"text-align: justify;\"><span style=\"font-weight: 400;\">En los \u00faltimos tres a\u00f1os, la pol\u00edtica internacional de Costa Rica, ha sido marcada por una imagen comprometida con el ambiente. Desde menciones honor\u00edficas sobre una <\/span><a href=\"https:\/\/delfino.cr\/2021\/10\/9998-de-la-produccion-energetica-nacional-del-2021-se-ha-basado-en-energias-renovables\"><span style=\"font-weight: 400;\">matriz el\u00e9ctrica limpia<\/span><\/a><span style=\"font-weight: 400;\">, hasta premios y fondos de cooperaci\u00f3n internacional por el trabajo en la <\/span><a href=\"https:\/\/www.bbc.com\/mundo\/noticias-58949944\"><span style=\"font-weight: 400;\">conservaci\u00f3n de bosques en el neotr\u00f3pico.<\/span><\/a><span style=\"font-weight: 400;\"> Todo esto ha marcado el liderazgo del pa\u00eds en materia ambiental.\u00a0<\/span><\/p>\n<p><span style=\"font-weight: 400;\">Costa Rica cuenta con una pol\u00edtica ambiental sobresaliente entre los pa\u00edses latinoamericanos. A pesar de esto, el pa\u00eds no podr\u00e1 evitar las repercusiones globales del cambio clim\u00e1tico.\u00a0<\/span><\/p>\n<p><span style=\"font-weight: 400;\">La contaminaci\u00f3n, las emisiones de CO2 y la degradaci\u00f3n de la naturaleza, han ocasionado procesos de deterioro con altos impactos para la vida en el planeta y sus ecosistemas, y no perdona pa\u00eds, ni frontera. Parte de este alarmante escenario fue comunicado por el <\/span><a href=\"https:\/\/archive.ipcc.ch\/home_languages_main_spanish.shtml\"><span style=\"font-weight: 400;\">Grupo Intergubernamental de Expertos sobre el Cambio Clim\u00e1tico<\/span><\/a><span style=\"font-weight: 400;\"> (IPCCC, por sus siglas en ingl\u00e9s) en su m\u00e1s reciente <\/span><a href=\"https:\/\/www.ipcc.ch\/report\/sixth-assessment-report-working-group-3\/\"><span style=\"font-weight: 400;\">informe<\/span><\/a><span style=\"font-weight: 400;\">, donde se se\u00f1ala un panorama de crisis clim\u00e1tica para pa\u00edses como Costa Rica, con comunidades dependientes de las costas, hogares en zonas de riesgos, sequ\u00edas y problemas en el abastecimiento de agua potable.<\/span><\/p>\n<p><span style=\"font-weight: 400;\">Estas amenazas han llevado a muchos Estados a fortalecer sus pol\u00edticas para hacer frente a los inminentes impactos que vendr\u00e1n a futuro.<\/span><\/p>[\/et_pb_text][\/et_pb_column][\/et_pb_row][et_pb_row column_structure=&#8221;3_5,2_5&#8243; column_padding_mobile=&#8221;on&#8221; admin_label=&#8221;row&#8221; _builder_version=&#8221;4.16&#8243; background_size=&#8221;initial&#8221; background_position=&#8221;top_left&#8221; background_repeat=&#8221;repeat&#8221; width=&#8221;98.3%&#8221; custom_margin=&#8221;-40px||||false|false&#8221; custom_padding=&#8221;0px||4px||false|false&#8221; make_fullwidth=&#8221;off&#8221; use_custom_width=&#8221;off&#8221; width_unit=&#8221;on&#8221; global_colors_info=&#8221;{}&#8221;][et_pb_column type=&#8221;3_5&#8243; _builder_version=&#8221;4.16&#8243; custom_padding=&#8221;60px||||false|false&#8221; global_colors_info=&#8221;{}&#8221; custom_padding__hover=&#8221;|||&#8221;][et_pb_text admin_label=&#8221;Text&#8221; _builder_version=&#8221;4.17.4&#8243; text_font=&#8221;PT Serif||||||||&#8221; text_text_color=&#8221;#000000&#8243; text_font_size=&#8221;20px&#8221; text_line_height=&#8221;1.3em&#8221; background_size=&#8221;initial&#8221; background_position=&#8221;top_left&#8221; background_repeat=&#8221;repeat&#8221; max_width=&#8221;900px&#8221; custom_margin=&#8221;-35px||18px||false|false&#8221; custom_padding=&#8221;0px||0px||false|false&#8221; hover_enabled=&#8221;0&#8243; text_font_size_tablet=&#8221;&#8221; text_font_size_phone=&#8221;&#8221; text_font_size_last_edited=&#8221;on|tablet&#8221; use_border_color=&#8221;off&#8221; border_color=&#8221;#ffffff&#8221; border_style=&#8221;solid&#8221; global_colors_info=&#8221;{}&#8221; sticky_enabled=&#8221;0&#8243;]<p><b>Adaptaci\u00f3n: ni un paso atr\u00e1s contra el cambio clim\u00e1tico<\/b><\/p>[\/et_pb_text][et_pb_text _builder_version=&#8221;4.17.4&#8243; text_font=&#8221;Arial||||||||&#8221; text_text_color=&#8221;#000000&#8243; text_font_size=&#8221;16px&#8221; text_line_height=&#8221;1.4em&#8221; text_orientation=&#8221;justified&#8221; custom_margin=&#8221;-4px|||10px|false|false&#8221; custom_padding=&#8221;||0px|||&#8221; hover_enabled=&#8221;0&#8243; global_colors_info=&#8221;{}&#8221; sticky_enabled=&#8221;0&#8243;]<p><span style=\"font-weight: 400;\">Es as\u00ed como Costa Rica ha dado un paso adelante en su agenda clim\u00e1tica, con la oficializaci\u00f3n \u00a0 del <\/span><a href=\"https:\/\/cambioclimatico.go.cr\/plan-nacional-de-adaptacion\/\"><span style=\"font-weight: 400;\">Plan Nacional de Adaptaci\u00f3n al Cambio Clim\u00e1tico<\/span><\/a><span style=\"font-weight: 400;\">, el pasado 25 de abril. Dicho plan es fundamental para complementar las <\/span><a href=\"https:\/\/cambioclimatico.go.cr\/wp-content\/uploads\/2019\/02\/PLAN.pdf\"><span style=\"font-weight: 400;\">acciones en descarbonizaci\u00f3n<\/span><\/a><span style=\"font-weight: 400;\"> que se han implementado, pero que atienden solo una parte de la crisis.\u00a0<\/span><\/p>\n<p><span style=\"font-weight: 400;\">El plan pretende establecer una hoja de ruta, para preparar y construir las herramientas sociales, ecol\u00f3gicas y econ\u00f3micas necesarias en las afectaciones clim\u00e1ticas proyectadas\u00a0 en los pr\u00f3ximos 8 a\u00f1os. Su ejecuci\u00f3n se conforma de 6 ejes de acci\u00f3n, con propuestas a desarrollar durante el 2022 &#8211; 2026.<\/span><\/p>\n<p><span style=\"font-weight: 400;\">En cuanto a las propuestas en gesti\u00f3n de las zonas mar\u00edtimo terrestres y su biodiversidad, el plan expone en sus ejes 2 y 3,\u00a0 elementos esenciales para la conservaci\u00f3n de estos ecosistemas:<\/span><\/p>\n<ol>\n<li style=\"font-weight: 400;\" aria-level=\"1\"><span style=\"font-weight: 400;\">Procesos de planificaci\u00f3n sectorial, cantonal, territorial y marina con enfoque participativo y de derechos humanos, para la reducci\u00f3n de la variabilidad clim\u00e1tica.<\/span><\/li>\n<li style=\"font-weight: 400;\" aria-level=\"1\"><span style=\"font-weight: 400;\">Potenciar la adaptaci\u00f3n para reducir la vulnerabilidad de la biodiversidad y los recursos h\u00eddricos mediante la protecci\u00f3n de la biodiversidad, la regulaci\u00f3n del uso sostenible de los bienes y servicios ecosist\u00e9micos en el patrimonio natural del Estado, corredores biol\u00f3gicos, paisajes productivos y reservas<\/span><\/li>\n<\/ol>\n<p><span style=\"font-weight: 400;\">Bajo el trabajo en conjunto entre sociedad civil, sectores productivos, academia y Estado, el desarrollo de las estrategias es el pr\u00f3ximo paso a seguir.\u00a0<\/span><\/p>[\/et_pb_text][\/et_pb_column][et_pb_column type=&#8221;2_5&#8243; _builder_version=&#8221;4.16&#8243; custom_padding=&#8221;40px||||false|false&#8221; global_colors_info=&#8221;{}&#8221; custom_padding__hover=&#8221;|||&#8221;][et_pb_image src=&#8221;https:\/\/onesea.org\/wp-content\/uploads\/2022\/06\/PlanNacionalAdaptacionCambioClimatico_25abril2022_rosanchezphoto_3582-2500&#215;1667-e1650922781735.jpg.webp&#8221; title_text=&#8221;PlanNacionalAdaptacionCambioClimatico_25abril2022_rosanchezphoto_3582-2500&#215;1667-e1650922781735.jpg&#8221; _builder_version=&#8221;4.17.4&#8243; _module_preset=&#8221;default&#8221; hover_enabled=&#8221;0&#8243; global_colors_info=&#8221;{}&#8221; sticky_enabled=&#8221;0&#8243;][\/et_pb_image][\/et_pb_column][\/et_pb_row][et_pb_row _builder_version=&#8221;4.16&#8243; _module_preset=&#8221;default&#8221; custom_padding=&#8221;24px||6px|||&#8221; global_colors_info=&#8221;{}&#8221;][et_pb_column type=&#8221;4_4&#8243; _builder_version=&#8221;4.16&#8243; _module_preset=&#8221;default&#8221; global_colors_info=&#8221;{}&#8221;][et_pb_text _builder_version=&#8221;4.17.4&#8243; text_font=&#8221;Arial||||||||&#8221; text_text_color=&#8221;#000000&#8243; text_font_size=&#8221;16px&#8221; text_line_height=&#8221;1.4em&#8221; header_font=&#8221;PT Serif||||||||&#8221; header_3_font=&#8221;PT Serif||||||||&#8221; header_3_text_color=&#8221;#000000&#8243; text_orientation=&#8221;justified&#8221; width=&#8221;100%&#8221; custom_padding=&#8221;0px|||0px||&#8221; hover_enabled=&#8221;0&#8243; global_colors_info=&#8221;{}&#8221; sticky_enabled=&#8221;0&#8243;]<p><b>Oc\u00e9ano Defensores y el compromiso clim\u00e1tico\u00a0<\/b><\/p>\n<p><span style=\"font-weight: 400;\">Los oc\u00e9anos son pilares para la biodiversidad y sin una atenci\u00f3n integrada para la adaptaci\u00f3n clim\u00e1tica, la defensa de nuestros mares se desapega de la realidad que nos asecha.<\/span><\/p>\n<p><span style=\"font-weight: 400;\">Por esto creemos que la <\/span><a href=\"https:\/\/onesea.org\/en\/blog\/oceanos-saludables\/promoviendo-la-participacion-ciudadana-en-la-proteccion-ambiental\/\"><span style=\"font-weight: 400;\">investigaci\u00f3n, la participaci\u00f3n ciudadana y la comunicaci\u00f3n<\/span><\/a><span style=\"font-weight: 400;\">, deben ser parte de la soluci\u00f3n, y desde OneSea tenemos un compromiso por vincular nuestro trabajo a estas acciones.<\/span><\/p>\n<p><span style=\"font-weight: 400;\">Cada momento cuenta, \u00fanete a nosotros y se un Oc\u00e9ano Defensor m\u00e1s. Alz\u00e1 la voz contra el cambio\u00a0 clim\u00e1tico y declaremos juntos Paz a los Oc\u00e9anos.\u00a0<\/span><\/p>[\/et_pb_text][\/et_pb_column][\/et_pb_row][\/et_pb_section][et_pb_section fb_built=&#8221;1&#8243; admin_label=&#8221;Section&#8221; _builder_version=&#8221;4.16&#8243; custom_margin=&#8221;-20px||||false|false&#8221; custom_padding=&#8221;10px||||false|false&#8221; global_colors_info=&#8221;{}&#8221;][et_pb_row padding_mobile=&#8221;off&#8221; column_padding_mobile=&#8221;on&#8221; admin_label=&#8221;Row&#8221; _builder_version=&#8221;4.16&#8243; background_size=&#8221;initial&#8221; background_position=&#8221;top_left&#8221; background_repeat=&#8221;repeat&#8221; max_width=&#8221;780px&#8221; make_fullwidth=&#8221;off&#8221; use_custom_width=&#8221;on&#8221; width_unit=&#8221;on&#8221; custom_width_px=&#8221;780px&#8221; global_colors_info=&#8221;{}&#8221;][et_pb_column type=&#8221;4_4&#8243; _builder_version=&#8221;4.16&#8243; custom_padding=&#8221;|||&#8221; global_colors_info=&#8221;{}&#8221; custom_padding__hover=&#8221;|||&#8221;][et_pb_text admin_label=&#8221;Text&#8221; _builder_version=&#8221;4.16&#8243; text_font=&#8221;PT Serif||||&#8221; text_text_color=&#8221;#363636&#8243; text_font_size=&#8221;36&#8243; text_line_height=&#8221;1.4em&#8221; background_size=&#8221;initial&#8221; background_position=&#8221;top_left&#8221; background_repeat=&#8221;repeat&#8221; text_orientation=&#8221;center&#8221; module_alignment=&#8221;center&#8221; custom_margin=&#8221;||70px|&#8221; text_font_size_tablet=&#8221;26&#8243; text_font_size_phone=&#8221;&#8221; text_font_size_last_edited=&#8221;on|tablet&#8221; use_border_color=&#8221;off&#8221; border_color=&#8221;#ffffff&#8221; border_style=&#8221;solid&#8221; global_colors_info=&#8221;{}&#8221;]<p><span>\u00a1Suscr\u00edbete a OneBlog! \u00a1Noticias, informaci\u00f3n, educaci\u00f3n y m\u00e1s!<\/span><\/p>\n<div><\/div>[\/et_pb_text][et_pb_contact_form captcha=&#8221;off&#8221; admin_label=&#8221;Contact Form&#8221; _builder_version=&#8221;4.16&#8243; _unique_id=&#8221;90178498-06a9-463f-9f4d-d6b1356e88cb&#8221; custom_button=&#8221;on&#8221; button_text_color=&#8221;#ffffff&#8221; button_bg_color=&#8221;#02b875&#8243; button_border_width=&#8221;8&#8243; button_border_color=&#8221;#02b875&#8243; button_border_radius=&#8221;4&#8243; border_radii=&#8221;on|0px|0px|0px|0px&#8221; use_border_color=&#8221;off&#8221; border_color=&#8221;#ffffff&#8221; border_style=&#8221;solid&#8221; input_border_radius=&#8221;0&#8243; global_colors_info=&#8221;{}&#8221;][et_pb_contact_field field_id=&#8221;E-mail_Address&#8221; field_title=&#8221;E-mail Address&#8221; _builder_version=&#8221;4.16&#8243; form_field_background_color=&#8221;rgba(0,0,0,0)&#8221; form_field_text_color=&#8221;#adadab&#8221; form_field_font=&#8221;PT Sans||||&#8221; form_field_font_size=&#8221;20&#8243; form_field_line_height=&#8221;1.4em&#8221; form_field_font_size_tablet=&#8221;20&#8243; form_field_font_size_phone=&#8221;20&#8243; form_field_line_height_tablet=&#8221;1.4em&#8221; form_field_line_height_phone=&#8221;1.4em&#8221; custom_css_main_element=&#8221;height:64px;&#8221; border_width_all=&#8221;1&#8243; border_color_all=&#8221;#adadab&#8221; border_style_all=&#8221;solid&#8221; use_border_color=&#8221;on&#8221; border_color=&#8221;#adadab&#8221; border_width=&#8221;1&#8243; border_style=&#8221;solid&#8221; field_background_color=&#8221;rgba(0,0,0,0)&#8221; global_colors_info=&#8221;{}&#8221; button_text_size__hover_enabled=&#8221;off&#8221; button_one_text_size__hover_enabled=&#8221;off&#8221; button_two_text_size__hover_enabled=&#8221;off&#8221; button_text_color__hover_enabled=&#8221;off&#8221; button_one_text_color__hover_enabled=&#8221;off&#8221; button_two_text_color__hover_enabled=&#8221;off&#8221; button_border_width__hover_enabled=&#8221;off&#8221; button_one_border_width__hover_enabled=&#8221;off&#8221; button_two_border_width__hover_enabled=&#8221;off&#8221; button_border_color__hover_enabled=&#8221;off&#8221; button_one_border_color__hover_enabled=&#8221;off&#8221; button_two_border_color__hover_enabled=&#8221;off&#8221; button_border_radius__hover_enabled=&#8221;off&#8221; button_one_border_radius__hover_enabled=&#8221;off&#8221; button_two_border_radius__hover_enabled=&#8221;off&#8221; button_letter_spacing__hover_enabled=&#8221;off&#8221; button_one_letter_spacing__hover_enabled=&#8221;off&#8221; button_two_letter_spacing__hover_enabled=&#8221;off&#8221; button_bg_color__hover_enabled=&#8221;off&#8221; button_one_bg_color__hover_enabled=&#8221;off&#8221; button_two_bg_color__hover_enabled=&#8221;off&#8221;][\/et_pb_contact_field][et_pb_contact_field field_id=&#8221;First Name&#8221; field_title=&#8221;First Name&#8221; _builder_version=&#8221;4.16&#8243; form_field_background_color=&#8221;rgba(0,0,0,0)&#8221; form_field_text_color=&#8221;#adadab&#8221; form_field_font=&#8221;PT Sans||||&#8221; form_field_font_size=&#8221;20&#8243; form_field_line_height=&#8221;1.4em&#8221; form_field_font_size_tablet=&#8221;20&#8243; form_field_font_size_phone=&#8221;20&#8243; form_field_line_height_tablet=&#8221;1.4em&#8221; form_field_line_height_phone=&#8221;1.4em&#8221; custom_css_main_element=&#8221;height:64px;&#8221; border_width_all=&#8221;1&#8243; border_color_all=&#8221;#adadab&#8221; border_style_all=&#8221;solid&#8221; use_border_color=&#8221;on&#8221; border_color=&#8221;#adadab&#8221; border_width=&#8221;1&#8243; border_style=&#8221;solid&#8221; field_background_color=&#8221;rgba(0,0,0,0)&#8221; global_colors_info=&#8221;{}&#8221; button_text_size__hover_enabled=&#8221;off&#8221; button_one_text_size__hover_enabled=&#8221;off&#8221; button_two_text_size__hover_enabled=&#8221;off&#8221; button_text_color__hover_enabled=&#8221;off&#8221; button_one_text_color__hover_enabled=&#8221;off&#8221; button_two_text_color__hover_enabled=&#8221;off&#8221; button_border_width__hover_enabled=&#8221;off&#8221; button_one_border_width__hover_enabled=&#8221;off&#8221; button_two_border_width__hover_enabled=&#8221;off&#8221; button_border_color__hover_enabled=&#8221;off&#8221; button_one_border_color__hover_enabled=&#8221;off&#8221; button_two_border_color__hover_enabled=&#8221;off&#8221; button_border_radius__hover_enabled=&#8221;off&#8221; button_one_border_radius__hover_enabled=&#8221;off&#8221; button_two_border_radius__hover_enabled=&#8221;off&#8221; button_letter_spacing__hover_enabled=&#8221;off&#8221; button_one_letter_spacing__hover_enabled=&#8221;off&#8221; button_two_letter_spacing__hover_enabled=&#8221;off&#8221; button_bg_color__hover_enabled=&#8221;off&#8221; button_one_bg_color__hover_enabled=&#8221;off&#8221; button_two_bg_color__hover_enabled=&#8221;off&#8221;][\/et_pb_contact_field][\/et_pb_contact_form][\/et_pb_column][\/et_pb_row][\/et_pb_section]","protected":false},"excerpt":{"rendered":"<p>Costa Rica lanza su Plan Nacional de Adaptaci\u00f3n al Cambio Clim\u00e1ticoOneblogOneBlog, Fundaci\u00f3n OneSea, Costa RicaEn los \u00faltimos tres a\u00f1os, la pol\u00edtica internacional de Costa Rica, ha sido marcada por una imagen comprometida con el ambiente. Desde menciones honor\u00edficas sobre una matriz el\u00e9ctrica limpia, hasta premios y fondos de cooperaci\u00f3n internacional por el trabajo en la [&hellip;]<\/p>","protected":false},"author":16,"featured_media":225068,"comment_status":"open","ping_status":"open","sticky":false,"template":"","format":"standard","meta":{"_et_pb_use_builder":"on","_et_pb_old_content":"","_et_gb_content_width":"2880","footnotes":""},"categories":[15,676,6,1,8],"tags":[706,239,679,448],"class_list":["post-225067","post","type-post","status-publish","format-standard","has-post-thumbnail","hentry","category-blog","category-comunicados","category-noticias-ambientales","category-oceanos-saludables","category-proyectos-one-sea","tag-activismo","tag-cambio-climatico","tag-conservacion","tag-dia-de-los-oceanos"],"jetpack_sharing_enabled":true,"jetpack_featured_media_url":"https:\/\/i0.wp.com\/onesea.org\/wp-content\/uploads\/2022\/06\/lanzamiento-plan-nacional-de-adaptacion.jpg?fit=1200%2C800&ssl=1","jetpack-related-posts":[{"id":226128,"url":"https:\/\/onesea.org\/en\/blog\/oceanos-saludables\/la-erosion-marina-pone-en-riesgo-las-costas-de-limon\/","url_meta":{"origin":225067,"position":0},"title":"La erosi\u00f3n marina pone en riesgo las costas de Lim\u00f3n","author":"admin","date":"April 4, 2023","format":false,"excerpt":"","rel":"","context":"In &quot;Oc\u00e9anos Saludables&quot;","block_context":{"text":"Oc\u00e9anos Saludables","link":"https:\/\/onesea.org\/en\/category\/blog\/oceanos-saludables\/"},"img":{"alt_text":"","src":"https:\/\/i0.wp.com\/onesea.org\/wp-content\/uploads\/2023\/04\/dsc_1250-cahuita61fbf104f1e0a.jpg?fit=1058%2C714&ssl=1&resize=350%2C200","width":350,"height":200,"srcset":"https:\/\/i0.wp.com\/onesea.org\/wp-content\/uploads\/2023\/04\/dsc_1250-cahuita61fbf104f1e0a.jpg?fit=1058%2C714&ssl=1&resize=350%2C200 1x, https:\/\/i0.wp.com\/onesea.org\/wp-content\/uploads\/2023\/04\/dsc_1250-cahuita61fbf104f1e0a.jpg?fit=1058%2C714&ssl=1&resize=525%2C300 1.5x, https:\/\/i0.wp.com\/onesea.org\/wp-content\/uploads\/2023\/04\/dsc_1250-cahuita61fbf104f1e0a.jpg?fit=1058%2C714&ssl=1&resize=700%2C400 2x, https:\/\/i0.wp.com\/onesea.org\/wp-content\/uploads\/2023\/04\/dsc_1250-cahuita61fbf104f1e0a.jpg?fit=1058%2C714&ssl=1&resize=1050%2C600 3x"},"classes":[]},{"id":226136,"url":"https:\/\/onesea.org\/en\/blog\/oceanos-saludables\/costa-rica-fortalece-esfuerzos-de-financiamiento-del-fondo-azul\/","url_meta":{"origin":225067,"position":1},"title":"Costa Rica fortalece esfuerzos de financiamiento del Fondo Azul\u00a0","author":"admin","date":"April 11, 2023","format":false,"excerpt":"","rel":"","context":"In &quot;Oc\u00e9anos Saludables&quot;","block_context":{"text":"Oc\u00e9anos Saludables","link":"https:\/\/onesea.org\/en\/category\/blog\/oceanos-saludables\/"},"img":{"alt_text":"","src":"https:\/\/i0.wp.com\/onesea.org\/wp-content\/uploads\/2023\/04\/purple-sky-on-sea-during-sunset-2022-01-18-23-35-51-utc-scaled.jpg?fit=1200%2C800&ssl=1&resize=350%2C200","width":350,"height":200,"srcset":"https:\/\/i0.wp.com\/onesea.org\/wp-content\/uploads\/2023\/04\/purple-sky-on-sea-during-sunset-2022-01-18-23-35-51-utc-scaled.jpg?fit=1200%2C800&ssl=1&resize=350%2C200 1x, https:\/\/i0.wp.com\/onesea.org\/wp-content\/uploads\/2023\/04\/purple-sky-on-sea-during-sunset-2022-01-18-23-35-51-utc-scaled.jpg?fit=1200%2C800&ssl=1&resize=525%2C300 1.5x, https:\/\/i0.wp.com\/onesea.org\/wp-content\/uploads\/2023\/04\/purple-sky-on-sea-during-sunset-2022-01-18-23-35-51-utc-scaled.jpg?fit=1200%2C800&ssl=1&resize=700%2C400 2x, https:\/\/i0.wp.com\/onesea.org\/wp-content\/uploads\/2023\/04\/purple-sky-on-sea-during-sunset-2022-01-18-23-35-51-utc-scaled.jpg?fit=1200%2C800&ssl=1&resize=1050%2C600 3x"},"classes":[]},{"id":225977,"url":"https:\/\/onesea.org\/en\/blog\/oceanos-saludables\/organizaciones-denuncian-a-costa-rica-por-practicas-de-pesca-ilegal\/","url_meta":{"origin":225067,"position":2},"title":"Organizaciones denuncian a Costa Rica por pr\u00e1cticas de pesca ilegal","author":"admin","date":"February 21, 2023","format":false,"excerpt":"","rel":"","context":"In &quot;Blog&quot;","block_context":{"text":"Blog","link":"https:\/\/onesea.org\/en\/category\/blog\/"},"img":{"alt_text":"","src":"https:\/\/i0.wp.com\/onesea.org\/wp-content\/uploads\/2023\/02\/170315tuna1.jpg?fit=1200%2C776&ssl=1&resize=350%2C200","width":350,"height":200,"srcset":"https:\/\/i0.wp.com\/onesea.org\/wp-content\/uploads\/2023\/02\/170315tuna1.jpg?fit=1200%2C776&ssl=1&resize=350%2C200 1x, https:\/\/i0.wp.com\/onesea.org\/wp-content\/uploads\/2023\/02\/170315tuna1.jpg?fit=1200%2C776&ssl=1&resize=525%2C300 1.5x, https:\/\/i0.wp.com\/onesea.org\/wp-content\/uploads\/2023\/02\/170315tuna1.jpg?fit=1200%2C776&ssl=1&resize=700%2C400 2x, https:\/\/i0.wp.com\/onesea.org\/wp-content\/uploads\/2023\/02\/170315tuna1.jpg?fit=1200%2C776&ssl=1&resize=1050%2C600 3x"},"classes":[]},{"id":226046,"url":"https:\/\/onesea.org\/en\/blog\/oceanos-saludables\/manglares-un-aliado-para-la-conservacion-del-oceano\/","url_meta":{"origin":225067,"position":3},"title":"Manglares: un aliado para la conservaci\u00f3n del oc\u00e9ano","author":"admin","date":"March 10, 2023","format":false,"excerpt":"","rel":"","context":"In &quot;Blog&quot;","block_context":{"text":"Blog","link":"https:\/\/onesea.org\/en\/category\/blog\/"},"img":{"alt_text":"","src":"https:\/\/i0.wp.com\/onesea.org\/wp-content\/uploads\/2023\/03\/rs185041_ask_06775b18712c7f6a8.jpg?fit=1058%2C714&ssl=1&resize=350%2C200","width":350,"height":200,"srcset":"https:\/\/i0.wp.com\/onesea.org\/wp-content\/uploads\/2023\/03\/rs185041_ask_06775b18712c7f6a8.jpg?fit=1058%2C714&ssl=1&resize=350%2C200 1x, https:\/\/i0.wp.com\/onesea.org\/wp-content\/uploads\/2023\/03\/rs185041_ask_06775b18712c7f6a8.jpg?fit=1058%2C714&ssl=1&resize=525%2C300 1.5x, https:\/\/i0.wp.com\/onesea.org\/wp-content\/uploads\/2023\/03\/rs185041_ask_06775b18712c7f6a8.jpg?fit=1058%2C714&ssl=1&resize=700%2C400 2x, https:\/\/i0.wp.com\/onesea.org\/wp-content\/uploads\/2023\/03\/rs185041_ask_06775b18712c7f6a8.jpg?fit=1058%2C714&ssl=1&resize=1050%2C600 3x"},"classes":[]},{"id":225430,"url":"https:\/\/onesea.org\/en\/blog\/oceanos-saludables\/de-la-protesta-a-la-propuesta-cumbre-climatica-de-la-juventud-de-latinoamerica-2022\/","url_meta":{"origin":225067,"position":4},"title":"De la protesta a la propuesta: Cumbre Clim\u00e1tica de la Juventud de Latinoam\u00e9rica, 2022","author":"admin","date":"September 20, 2022","format":false,"excerpt":"","rel":"","context":"In &quot;Blog&quot;","block_context":{"text":"Blog","link":"https:\/\/onesea.org\/en\/category\/blog\/"},"img":{"alt_text":"","src":"https:\/\/i0.wp.com\/onesea.org\/wp-content\/uploads\/2022\/09\/fck54kjxoamfgl5.jpg?fit=750%2C470&ssl=1&resize=350%2C200","width":350,"height":200,"srcset":"https:\/\/i0.wp.com\/onesea.org\/wp-content\/uploads\/2022\/09\/fck54kjxoamfgl5.jpg?fit=750%2C470&ssl=1&resize=350%2C200 1x, https:\/\/i0.wp.com\/onesea.org\/wp-content\/uploads\/2022\/09\/fck54kjxoamfgl5.jpg?fit=750%2C470&ssl=1&resize=525%2C300 1.5x, https:\/\/i0.wp.com\/onesea.org\/wp-content\/uploads\/2022\/09\/fck54kjxoamfgl5.jpg?fit=750%2C470&ssl=1&resize=700%2C400 2x"},"classes":[]},{"id":225946,"url":"https:\/\/onesea.org\/en\/blog\/oceanos-saludables\/costa-rica-prohibe-la-pesca-y-comercializacion-del-tiburon-martillo\/","url_meta":{"origin":225067,"position":5},"title":"Costa Rica proh\u00edbe la pesca y comercializaci\u00f3n del tibur\u00f3n martillo","author":"admin","date":"February 10, 2023","format":false,"excerpt":"","rel":"","context":"In &quot;Blog&quot;","block_context":{"text":"Blog","link":"https:\/\/onesea.org\/en\/category\/blog\/"},"img":{"alt_text":"","src":"https:\/\/i0.wp.com\/onesea.org\/wp-content\/uploads\/2023\/02\/scalloped-hammerhead.jpg?fit=1200%2C800&ssl=1&resize=350%2C200","width":350,"height":200,"srcset":"https:\/\/i0.wp.com\/onesea.org\/wp-content\/uploads\/2023\/02\/scalloped-hammerhead.jpg?fit=1200%2C800&ssl=1&resize=350%2C200 1x, https:\/\/i0.wp.com\/onesea.org\/wp-content\/uploads\/2023\/02\/scalloped-hammerhead.jpg?fit=1200%2C800&ssl=1&resize=525%2C300 1.5x, https:\/\/i0.wp.com\/onesea.org\/wp-content\/uploads\/2023\/02\/scalloped-hammerhead.jpg?fit=1200%2C800&ssl=1&resize=700%2C400 2x, https:\/\/i0.wp.com\/onesea.org\/wp-content\/uploads\/2023\/02\/scalloped-hammerhead.jpg?fit=1200%2C800&ssl=1&resize=1050%2C600 3x"},"classes":[]}],"_links":{"self":[{"href":"https:\/\/onesea.org\/en\/wp-json\/wp\/v2\/posts\/225067","targetHints":{"allow":["GET"]}}],"collection":[{"href":"https:\/\/onesea.org\/en\/wp-json\/wp\/v2\/posts"}],"about":[{"href":"https:\/\/onesea.org\/en\/wp-json\/wp\/v2\/types\/post"}],"author":[{"embeddable":true,"href":"https:\/\/onesea.org\/en\/wp-json\/wp\/v2\/users\/16"}],"replies":[{"embeddable":true,"href":"https:\/\/onesea.org\/en\/wp-json\/wp\/v2\/comments?post=225067"}],"version-history":[{"count":2,"href":"https:\/\/onesea.org\/en\/wp-json\/wp\/v2\/posts\/225067\/revisions"}],"predecessor-version":[{"id":225073,"href":"https:\/\/onesea.org\/en\/wp-json\/wp\/v2\/posts\/225067\/revisions\/225073"}],"wp:featuredmedia":[{"embeddable":true,"href":"https:\/\/onesea.org\/en\/wp-json\/wp\/v2\/media\/225068"}],"wp:attachment":[{"href":"https:\/\/onesea.org\/en\/wp-json\/wp\/v2\/media?parent=225067"}],"wp:term":[{"taxonomy":"category","embeddable":true,"href":"https:\/\/onesea.org\/en\/wp-json\/wp\/v2\/categories?post=225067"},{"taxonomy":"post_tag","embeddable":true,"href":"https:\/\/onesea.org\/en\/wp-json\/wp\/v2\/tags?post=225067"}],"curies":[{"name":"wp","href":"https:\/\/api.w.org\/{rel}","templated":true}]}}