{"id":205253,"date":"2018-04-18T08:08:31","date_gmt":"2018-04-18T14:08:31","guid":{"rendered":"https:\/\/onesea.org\/?p=205253"},"modified":"2018-04-18T08:08:31","modified_gmt":"2018-04-18T14:08:31","slug":"adopte-cambio-celebre-dia-tierra","status":"publish","type":"post","link":"https:\/\/onesea.org\/en\/blog\/oceanos-saludables\/adopte-cambio-celebre-dia-tierra\/","title":{"rendered":"Adopte un cambio y celebre el D\u00eda de la Tierra como se debe"},"content":{"rendered":"<p>El pr\u00f3ximo 22 de abril celebramos el <strong>D\u00eda Internacional de la Madre Tierra<\/strong>, declarado por las Naciones Unidas con el objetivo de recordarnos que la Tierra y sus ecosistemas son nuestro hogar, nos proporcionan vida y sustento y por lo tanto tenemos una responsabilidad colectiva en alcanzar un justo equilibrio entre las necesidades econ\u00f3micas, sociales y ambientales de las generaciones presentes y futuras, fomentando la armon\u00eda con la naturaleza y el planeta.<\/p>\n<p>Al igual que todos los a\u00f1os desde d\u00e9cadas atr\u00e1s, cada D\u00eda de la Tierra, tiene un lema o se enfoca en un tema especifico y el de este 2018, no podr\u00eda ser m\u00e1s acertado. Este 22 de abril del 2018, la ONU nos llama a <strong>\u201cEliminar la contaminaci\u00f3n por pl\u00e1stico\u201d<\/strong>. Seg\u00fan manifiesta la organizaci\u00f3n <strong>Earth Day Network<\/strong> en su p\u00e1gina oficial, el <a href=\"https:\/\/www.earthday.org\">Earth Day 2018: End Plastic Pollution<\/a>, est\u00e1 dedicado a proveer de la informaci\u00f3n e inspiraci\u00f3n necesaria para lograr un cambio en el comportamiento humano y nuestra actitud hacia los pl\u00e1sticos, un problema que est\u00e1 envenenando nuestros ecosistemas.<br \/>\nSe estima que en el mundo, cada a\u00f1o llegan alrededor de <a href=\"https:\/\/onesea.org\/en\/blog\/oceanos-saludables\/rios-aportan-95-plasticos-oceanos\/\">13 millones de toneladas de pl\u00e1sticos<\/a> hasta nuestros oc\u00e9anos, generando graves da\u00f1os y trastornos en el medio ambiente, ensuciando las costas, enfermando a la vida marina, saturando rellenos sanitarios, hasta llegar a alterar las hormonas humanas, convirti\u00e9ndose literalmente en la amenaza principal de la supervivencia de nuestro planeta.<\/p>\n<p>Es por esto que<a href=\"https:\/\/onesea.org\/en\/\"> OneSea<\/a> se une a esta celebraci\u00f3n y comparte una serie de ideas para que la celebraci\u00f3n no sea de solo un d\u00eda, sino un compromiso con el planeta y nosotros mismos en optar diferentes acciones que puedan ayudar a minimizar nuestra propia <strong>huella ambiental<\/strong>.<\/p>\n<h2>C\u00f3mo Celebrar el D\u00eda de la Tierra<\/h2>\n<p>Este 22 de abril del 2018 celebremos el d\u00eda de nuestra madre tierra, asumiendo nuestra responsabilidad e invitando a nuestros amigos, vecinos y familiares a ser parte del movimiento.<\/p>\n<ul>\n<li>\n<div id=\"attachment_2017\" style=\"width: 410px\" class=\"wp-caption alignright\"><a href=\"https:\/\/i0.wp.com\/onesea.org\/wp-content\/uploads\/2017\/11\/New-Image.jpg?ssl=1\"><img loading=\"lazy\" decoding=\"async\" aria-describedby=\"caption-attachment-2017\" class=\"wp-image-2017\" src=\"https:\/\/i0.wp.com\/onesea.org\/wp-content\/uploads\/2017\/11\/New-Image.jpg?resize=400%2C300&#038;ssl=1\" alt=\"Contaminaci\u00f3n por pl\u00e1stico\" width=\"400\" height=\"300\" srcset=\"https:\/\/i0.wp.com\/onesea.org\/wp-content\/uploads\/2017\/11\/New-Image.jpg?resize=300%2C225&amp;ssl=1 300w, https:\/\/i0.wp.com\/onesea.org\/wp-content\/uploads\/2017\/11\/New-Image.jpg?resize=768%2C576&amp;ssl=1 768w, https:\/\/i0.wp.com\/onesea.org\/wp-content\/uploads\/2017\/11\/New-Image.jpg?resize=1024%2C768&amp;ssl=1 1024w, https:\/\/i0.wp.com\/onesea.org\/wp-content\/uploads\/2017\/11\/New-Image.jpg?resize=610%2C457&amp;ssl=1 610w, https:\/\/i0.wp.com\/onesea.org\/wp-content\/uploads\/2017\/11\/New-Image.jpg?resize=510%2C382&amp;ssl=1 510w, https:\/\/i0.wp.com\/onesea.org\/wp-content\/uploads\/2017\/11\/New-Image.jpg?resize=1080%2C809&amp;ssl=1 1080w, https:\/\/i0.wp.com\/onesea.org\/wp-content\/uploads\/2017\/11\/New-Image.jpg?w=2048&amp;ssl=1 2048w\" sizes=\"auto, (max-width: 400px) 100vw, 400px\" data-recalc-dims=\"1\" \/><\/a><p id=\"caption-attachment-2017\" class=\"wp-caption-text\">Millones de toneladas de pl\u00e1sticos llegan al mar cada a\u00f1o.<\/p><\/div>\n<p><strong>Cambios en el hogar<\/strong><br \/>\nLos primeros cambios siempre empiezan en el hogar. Podemos cambiar los bombillos tradicionales por bombillos de bajo consumo.<br \/>\nTratar de mantener conectados solo los electrodom\u00e9sticos que estamos usando y evitar mantener luces encendidas. En la medida de lo posible aprovechar la luz y ventilaci\u00f3n natural. A veces es tan sencillo como correr una cortina y abrir una ventana.<\/li>\n<li><strong>Reciclaje<\/strong><br \/>\nSino tienes un sistema de reciclaje en la casa, este es el momento. Es pr\u00e1ctico comprar basureros o contenedores grandes y etiquetarlos con cada tipo de residuo, como pl\u00e1sticos, latas, vidrio, cart\u00f3n, etc. De esa forma es m\u00e1s f\u00e1cil <a href=\"https:\/\/onesea.org\/en\/blog\/oceanos-saludables\/aprenda-manejar-residuos-caseros\/\">clasificar los residuos<\/a> desde la fuente y depositarlos de manera correcta. Recuerde que la municipalidad de su cant\u00f3n est\u00e1 obligada por ley a tener una campa\u00f1a de reciclaje, as\u00ed que si en su barrio no la tienen, sea exigente y presione a sus autoridades municipales.<\/li>\n<li><strong>Un d\u00eda sin carro<\/strong><br \/>\nEl 22 de abril podemos dejar el carro en la casa y caminar, usar la bicicleta o alg\u00fan medio de transporte p\u00fablico. Adem\u00e1s podemos ir m\u00e1s all\u00e1 y elegir un d\u00eda a la semana y seguir haciendo lo mismo. Es un h\u00e1bito muy saludable que solo nos va a traer beneficios.<br \/>\nTambi\u00e9n podemos hacer lo mismo con el televisor, la computadora, celular o cualquier otro artefacto que consuma electricidad y tiempo y no encenderlos en todo el d\u00eda y mantener al m\u00ednimo el uso de la electricidad.<\/li>\n<li><strong>Educaci\u00f3n<\/strong><br \/>\nEducar a las generaciones m\u00e1s j\u00f3venes sobre la importancia de proteger al medio ambiente y emplear h\u00e1bitos saludables es vital en esta carrera contra el tiempo. Adem\u00e1s, podemos tomar un tiempo de vez en cuando y exponer alternativas de consumo a productos de pl\u00e1stico diario o alguna estrategia para reducir la huella ambiental con nuestros amigos, familiares o vecinos. Recordemos que vivir el ejemplo es la mejor forma de ense\u00f1ar.<\/li>\n<li><strong>Evitar el uso de pl\u00e1stico<\/strong><br \/>\nEste es de los puntos m\u00e1s importantes y que solo depende de nosotros mismos. Tenemos que evitar al m\u00e1ximo consumir productos pl\u00e1sticos. Desde el cepillo de dientes, bolsas de supermercado hasta botellas de agua. Ya existen alternativas ecol\u00f3gicas a pr\u00e1cticamente todos estos y otros productos de uso diario. Podemos usar bolsas de tela para ir al supermercado, botellas de vidrio o metal que se pueden reutilizar y hasta existen opciones de cepillos de dientes de bamb\u00fa y as\u00ed eliminar los tradicionales de pl\u00e1stico. Inform\u00e9monos y compartamos nuestras experiencias con los dem\u00e1s.<\/li>\n<li><strong>Unirse a una campa\u00f1a<\/strong><br \/>\nSi tenemos la posibilidad de hacer voluntariado debemos que aprovecharla. Ya sea limpiando una playa, recolectando basura despu\u00e9s de un evento o colaborando con alguna campa\u00f1a aunque sea econ\u00f3micamente, todo lo que podamos hacer es importante. Con todo lo que la madre naturaleza nos da y con los severos da\u00f1os que las pr\u00e1cticas humanas le han ocasionado, lo m\u00ednimo que podemos hacer es dedicarle un poquito de tiempo en mejorar su condici\u00f3n.<\/li>\n<\/ul>\n<p>Hay much\u00edsimo por hacer y que podemos hacer para ayudar a proteger al planeta. Seamos parte de la celebraci\u00f3n del <strong>D\u00eda de la Madre Tierra<\/strong>, este 2018 y adoptemos alguna pr\u00e1ctica, acci\u00f3n o h\u00e1bito que colabore con el bienestar del planeta y convirt\u00e1moslo en nuestro estilo de vida. <a href=\"https:\/\/onesea.org\/en\/contactenos\/\">Contacte a OneSea.org<\/a> y sea parte del cambio.<\/p>","protected":false},"excerpt":{"rendered":"<p>Este 22 de abril del 2018 celebramos el D\u00eda de la Madre Tierra. Ese a\u00f1o el tema es &#8220;Detengamos la contaminaci\u00f3n por pl\u00e1stico&#8221;. Un problema que literalmente est\u00e1 escribiendo la sentencia del planeta. Aprenda aqu\u00ed c\u00f3mo celebra el D\u00eda de la tierra y ser parte del cambio.<\/p>","protected":false},"author":1,"featured_media":607,"comment_status":"open","ping_status":"open","sticky":false,"template":"","format":"standard","meta":{"_et_pb_use_builder":"","_et_pb_old_content":"","_et_gb_content_width":"","footnotes":""},"categories":[15,26,6,1,9,7,8],"tags":[],"class_list":["post-205253","post","type-post","status-publish","format-standard","has-post-thumbnail","hentry","category-blog","category-eventos","category-noticias-ambientales","category-oceanos-saludables","category-proyectos-de-proteccion","category-proyectos-de-regeneracion","category-proyectos-one-sea"],"jetpack_sharing_enabled":true,"jetpack_featured_media_url":"https:\/\/i0.wp.com\/onesea.org\/wp-content\/uploads\/2016\/10\/photo-1454991727061-be514eae86f7-e1495237552771.jpg?fit=800%2C533&ssl=1","jetpack-related-posts":[{"id":225055,"url":"https:\/\/onesea.org\/en\/blog\/oceanos-saludables\/este-dia-de-la-tierra-dale-un-regalo-al-planeta\/","url_meta":{"origin":205253,"position":0},"title":"Este d\u00eda de la tierra dale un regalo al planeta","author":"Oscar Ruin","date":"April 22, 2022","format":false,"excerpt":"[et_pb_text admin_label=\"Text\" _builder_version=\"4.16\" text_font=\"PT Serif||||||||\" text_text_color=\"#ffffff\" text_font_size=\"30px\" text_line_height=\"1.2em\" background_size=\"initial\" background_position=\"top_left\" background_repeat=\"repeat\" text_orientation=\"center\" width=\"61%\"\u2026","rel":"","context":"In &quot;Blog&quot;","block_context":{"text":"Blog","link":"https:\/\/onesea.org\/en\/category\/blog\/"},"img":{"alt_text":"","src":"https:\/\/i0.wp.com\/onesea.org\/wp-content\/uploads\/2022\/06\/Dia-de-la-tierra_c.jpg?fit=600%2C338&ssl=1&resize=350%2C200","width":350,"height":200,"srcset":"https:\/\/i0.wp.com\/onesea.org\/wp-content\/uploads\/2022\/06\/Dia-de-la-tierra_c.jpg?fit=600%2C338&ssl=1&resize=350%2C200 1x, https:\/\/i0.wp.com\/onesea.org\/wp-content\/uploads\/2022\/06\/Dia-de-la-tierra_c.jpg?fit=600%2C338&ssl=1&resize=525%2C300 1.5x"},"classes":[]},{"id":1245,"url":"https:\/\/onesea.org\/en\/blog\/noticias-ambientales\/dia-de-la-tierra-un-22-de-abril-del-futuro\/","url_meta":{"origin":205253,"position":1},"title":"Por un mejor planeta, 22 de abril, D\u00eda de la Tierra","author":"admin","date":"April 22, 2017","format":false,"excerpt":"Ser\u00eda lindo decirle a nuestros nietos en el futuro que peleamos por su planeta para que sus nietos tambi\u00e9n lo disfrutaran como nosotros;","rel":"","context":"In &quot;Blog&quot;","block_context":{"text":"Blog","link":"https:\/\/onesea.org\/en\/category\/blog\/"},"img":{"alt_text":"22 de Abril, d\u00eda de la tierra","src":"https:\/\/i0.wp.com\/onesea.org\/wp-content\/uploads\/2017\/04\/dia-de-la-tierra-del-futuro.jpg?fit=800%2C600&ssl=1&resize=350%2C200","width":350,"height":200,"srcset":"https:\/\/i0.wp.com\/onesea.org\/wp-content\/uploads\/2017\/04\/dia-de-la-tierra-del-futuro.jpg?fit=800%2C600&ssl=1&resize=350%2C200 1x, https:\/\/i0.wp.com\/onesea.org\/wp-content\/uploads\/2017\/04\/dia-de-la-tierra-del-futuro.jpg?fit=800%2C600&ssl=1&resize=525%2C300 1.5x, https:\/\/i0.wp.com\/onesea.org\/wp-content\/uploads\/2017\/04\/dia-de-la-tierra-del-futuro.jpg?fit=800%2C600&ssl=1&resize=700%2C400 2x"},"classes":[]},{"id":205372,"url":"https:\/\/onesea.org\/en\/blog\/oceanos-saludables\/semana-conciencia-medio-ambiente\/","url_meta":{"origin":205253,"position":2},"title":"Una Semana Para Tomar Conciencia Sobre el Medio Ambiente","author":"admin","date":"June 5, 2018","format":false,"excerpt":"Se viene una semana verde con la Celebraci\u00f3n del 5 de Junio, D\u00eda Mundial del Ambiente y el 8 de Junio, D\u00eda Mundial de los Oc\u00e9anos. En ambos casos el llamado va en asumir nuestra propia responsabilidad y reducir la huella ambiental. Para esto es imprescindible eliminar el pl\u00e1stico de\u2026","rel":"","context":"In &quot;Blog&quot;","block_context":{"text":"Blog","link":"https:\/\/onesea.org\/en\/category\/blog\/"},"img":{"alt_text":"Oc\u00e9anos superan hasta 6 veces la media de emisi\u00f3n de gas metano","src":"https:\/\/i0.wp.com\/onesea.org\/wp-content\/uploads\/2018\/01\/travel-landscape-19-e1523388386964.jpg?fit=800%2C433&ssl=1&resize=350%2C200","width":350,"height":200,"srcset":"https:\/\/i0.wp.com\/onesea.org\/wp-content\/uploads\/2018\/01\/travel-landscape-19-e1523388386964.jpg?fit=800%2C433&ssl=1&resize=350%2C200 1x, https:\/\/i0.wp.com\/onesea.org\/wp-content\/uploads\/2018\/01\/travel-landscape-19-e1523388386964.jpg?fit=800%2C433&ssl=1&resize=525%2C300 1.5x, https:\/\/i0.wp.com\/onesea.org\/wp-content\/uploads\/2018\/01\/travel-landscape-19-e1523388386964.jpg?fit=800%2C433&ssl=1&resize=700%2C400 2x"},"classes":[]},{"id":205307,"url":"https:\/\/onesea.org\/en\/blog\/noticias-ambientales\/costa-rica-herramienta-medira-eficiencia-calentamiento-global\/","url_meta":{"origin":205253,"position":3},"title":"Costa Rica lanza Herramienta que Medir\u00e1 su Eficiencia contra el Calentamiento Global","author":"admin","date":"May 1, 2018","format":false,"excerpt":"Costa Rica lanza una herramienta que almacenar\u00e1 la informaci\u00f3n de todas las iniciativas implementadas por el pa\u00eds, tanto a nivel local como nacional, para reducir las emisiones de gases de efecto invernadero, responsables del aumento en la temperatura del planeta y de esta forma comprobar la eficiencia de sus acciones\u2026","rel":"","context":"In &quot;Blog&quot;","block_context":{"text":"Blog","link":"https:\/\/onesea.org\/en\/category\/blog\/"},"img":{"alt_text":"Calentamiento Global","src":"https:\/\/i0.wp.com\/onesea.org\/wp-content\/uploads\/2017\/05\/beach-1846157_1920-e1525201406174.jpg?fit=800%2C533&ssl=1&resize=350%2C200","width":350,"height":200,"srcset":"https:\/\/i0.wp.com\/onesea.org\/wp-content\/uploads\/2017\/05\/beach-1846157_1920-e1525201406174.jpg?fit=800%2C533&ssl=1&resize=350%2C200 1x, https:\/\/i0.wp.com\/onesea.org\/wp-content\/uploads\/2017\/05\/beach-1846157_1920-e1525201406174.jpg?fit=800%2C533&ssl=1&resize=525%2C300 1.5x, https:\/\/i0.wp.com\/onesea.org\/wp-content\/uploads\/2017\/05\/beach-1846157_1920-e1525201406174.jpg?fit=800%2C533&ssl=1&resize=700%2C400 2x"},"classes":[]},{"id":205915,"url":"https:\/\/onesea.org\/en\/blog\/oceanos-saludables\/oceano-defensores-playa-guacalillo\/","url_meta":{"origin":205253,"position":4},"title":"Oc\u00e9ano Defensores al rescate de Playa Guacalillo","author":"admin","date":"September 13, 2018","format":false,"excerpt":"Playa Guacalillo es una de las m\u00e1s contaminadas en Costa Rica. Por eso Oc\u00e9ano Defensores y OneSea.org, llevar\u00e1n a cabo una campa\u00f1a de limpieza y recolecci\u00f3n de residuos s\u00f3lidos en Playa Guacalillo, el pr\u00f3ximo s\u00e1bado 22 de setiembre del 2018. Contacte a www.OneSea.org y sea parte de la lucha por\u2026","rel":"","context":"In &quot;Blog&quot;","block_context":{"text":"Blog","link":"https:\/\/onesea.org\/en\/category\/blog\/"},"img":{"alt_text":"Playa Guacalillo","src":"https:\/\/i0.wp.com\/onesea.org\/wp-content\/uploads\/2018\/01\/New-Image5-e1536855069536.jpg?fit=800%2C800&ssl=1&resize=350%2C200","width":350,"height":200,"srcset":"https:\/\/i0.wp.com\/onesea.org\/wp-content\/uploads\/2018\/01\/New-Image5-e1536855069536.jpg?fit=800%2C800&ssl=1&resize=350%2C200 1x, https:\/\/i0.wp.com\/onesea.org\/wp-content\/uploads\/2018\/01\/New-Image5-e1536855069536.jpg?fit=800%2C800&ssl=1&resize=525%2C300 1.5x, https:\/\/i0.wp.com\/onesea.org\/wp-content\/uploads\/2018\/01\/New-Image5-e1536855069536.jpg?fit=800%2C800&ssl=1&resize=700%2C400 2x"},"classes":[]},{"id":225318,"url":"https:\/\/onesea.org\/en\/blog\/noticias-ambientales\/no-es-posible-afrontar-la-crisis-climatica-sin-las-mujeres\/","url_meta":{"origin":205253,"position":5},"title":"Mujeres en la primera l\u00ednea de la lucha clim\u00e1tica por el planeta","author":"admin","date":"August 19, 2022","format":false,"excerpt":"[et_pb_text admin_label=\"Text\" _builder_version=\"4.16\" text_font=\"PT Serif||||||||\" text_text_color=\"#ffffff\" text_font_size=\"30px\" text_line_height=\"1.2em\" background_size=\"initial\" background_position=\"top_left\" background_repeat=\"repeat\" text_orientation=\"center\" width=\"61%\" module_alignment=\"center\" custom_margin=\"150px||0px|\" custom_padding=\"||0px|\" text_font_tablet=\"\" text_font_phone=\"\"\u2026","rel":"","context":"In &quot;Blog&quot;","block_context":{"text":"Blog","link":"https:\/\/onesea.org\/en\/category\/blog\/"},"img":{"alt_text":"","src":"https:\/\/i0.wp.com\/onesea.org\/wp-content\/uploads\/2022\/08\/10461712154_29e94564f6_b.jpg?fit=1024%2C768&ssl=1&resize=350%2C200","width":350,"height":200,"srcset":"https:\/\/i0.wp.com\/onesea.org\/wp-content\/uploads\/2022\/08\/10461712154_29e94564f6_b.jpg?fit=1024%2C768&ssl=1&resize=350%2C200 1x, https:\/\/i0.wp.com\/onesea.org\/wp-content\/uploads\/2022\/08\/10461712154_29e94564f6_b.jpg?fit=1024%2C768&ssl=1&resize=525%2C300 1.5x, https:\/\/i0.wp.com\/onesea.org\/wp-content\/uploads\/2022\/08\/10461712154_29e94564f6_b.jpg?fit=1024%2C768&ssl=1&resize=700%2C400 2x"},"classes":[]}],"_links":{"self":[{"href":"https:\/\/onesea.org\/en\/wp-json\/wp\/v2\/posts\/205253","targetHints":{"allow":["GET"]}}],"collection":[{"href":"https:\/\/onesea.org\/en\/wp-json\/wp\/v2\/posts"}],"about":[{"href":"https:\/\/onesea.org\/en\/wp-json\/wp\/v2\/types\/post"}],"author":[{"embeddable":true,"href":"https:\/\/onesea.org\/en\/wp-json\/wp\/v2\/users\/1"}],"replies":[{"embeddable":true,"href":"https:\/\/onesea.org\/en\/wp-json\/wp\/v2\/comments?post=205253"}],"version-history":[{"count":6,"href":"https:\/\/onesea.org\/en\/wp-json\/wp\/v2\/posts\/205253\/revisions"}],"predecessor-version":[{"id":205259,"href":"https:\/\/onesea.org\/en\/wp-json\/wp\/v2\/posts\/205253\/revisions\/205259"}],"wp:featuredmedia":[{"embeddable":true,"href":"https:\/\/onesea.org\/en\/wp-json\/wp\/v2\/media\/607"}],"wp:attachment":[{"href":"https:\/\/onesea.org\/en\/wp-json\/wp\/v2\/media?parent=205253"}],"wp:term":[{"taxonomy":"category","embeddable":true,"href":"https:\/\/onesea.org\/en\/wp-json\/wp\/v2\/categories?post=205253"},{"taxonomy":"post_tag","embeddable":true,"href":"https:\/\/onesea.org\/en\/wp-json\/wp\/v2\/tags?post=205253"}],"curies":[{"name":"wp","href":"https:\/\/api.w.org\/{rel}","templated":true}]}}